{"id":6004,"date":"2020-06-14T10:56:15","date_gmt":"2020-06-14T10:56:15","guid":{"rendered":"http:\/\/medlow.pl\/?p=6004"},"modified":"2020-06-14T10:56:15","modified_gmt":"2020-06-14T10:56:15","slug":"ogloszenia-parafialne-14-06-2020","status":"publish","type":"post","link":"https:\/\/medlow.pl\/index.php\/2020\/06\/14\/ogloszenia-parafialne-14-06-2020\/","title":{"rendered":"Og\u0142oszenia parafialne 14.06.2020"},"content":{"rendered":"\n<p>XI Niedziela w ci\u0105gu roku<\/p>\n\n\n\n<p>Dzi\u0119kuj\u0119 bardzo wszystkim, kt\u00f3rzy przyczynili si\u0119 do owocnego prze\u017cycia Uroczysto\u015bci Bo\u017cego Cia\u0142a. Najpierw Panu Bogu za b\u0142ogos\u0142awie\u0144stwo; szczeg\u00f3lnie tym, kt\u00f3rzy przygotowali pi\u0119kne o\u0142tarze; SO i muzycznej, dziewczynkom sypi\u0105cym kwiaty przed Naj\u015bwi\u0119tszym Sakramentem. Wdzi\u0119czno\u015b\u0107 wyra\u017cam tym, kt\u00f3rzy nie\u015bli sztandary; Panom pomagaj\u0105cym mi nie\u015b\u0107 Naj\u015bwi\u0119tszy Sakrament; Pani Beacie za przygotowanie ko\u015bcio\u0142a. W najbli\u017cszy czwartek zako\u0144czymy Oktaw\u0119 tej Uroczysto\u015bci o godz. 18.00 w Turowie. Uczynimy wtedy procesj\u0119 z Naj\u015bwi\u0119tszym Sakramentem wok\u00f3\u0142 ko\u015bcio\u0142a do czterech o\u0142tarzy, kt\u00f3re tak\u017ce prosz\u0119 przygotowa\u0107\/ szczeg\u00f3lnie prosz\u0119 o pomoc Siostry R\u00f3\u017ca\u0144cowe\/. Przynie\u015bmy te\u017c ze sob\u0105 wianki z zi\u00f3\u0142 do po\u015bwi\u0119cenia!<\/p>\n\n\n\n<!--more-->\n\n\n\n<p>W pi\u0105tek \u015bwi\u0119tujemy Uroczysto\u015b\u0107 Naj\u015bwi\u0119tszego Serca Pana Jezusa, nie zapomnijmy o udziale we Mszy \u015bw. o godz. 17.00 w Turowie. Post w tym dniu nas nie obowi\u0105zuje.<\/p>\n\n\n\n<p>W sobot\u0119 w Bratowicach o godz. 16.00 pomodlimy si\u0119 na Mszy \u015bw. o urodzaje. W Mnichowicach uczynimy to 28 VI o godz. 13.30.<\/p>\n\n\n\n<p>W nast\u0119pn\u0105 niedziel\u0119 na Mszy \u015aw. o godz. 11.30 \u015bwi\u0119towa\u0107 b\u0119dziemy&nbsp;<strong>Rocznic\u0119 I Komunii \u015aw.&nbsp;<\/strong>Prosz\u0119 pozostawi\u0107 w \u0142awkach wolne miejsca dla dzieci. W t\u0119 nast\u0119pn\u0105 niedziel\u0119 w Turowie b\u0119dzie te\u017c Msza \u015aw. o godz. 13.00.<\/p>\n\n\n\n<p>Dzi\u0119kuj\u0119 za przygotowanie ko\u015bcio\u0142a Parafianom z Turowa! Nast\u0119pnym razem o posprz\u0105tanie ko\u015bcio\u0142a prosz\u0119 kolejnych mieszka\u0144c\u00f3w Turowa.<\/p>\n\n\n\n<p>Dzi\u0119kuj\u0119 za przygotowanie kaplicy w Okrzeszycach.<\/p>\n\n\n\n<p>Do \u015bwi\u0119tego zwi\u0105zku ma\u0142\u017ce\u0144skiego przygotowuj\u0105 si\u0119:<\/p>\n\n\n\n<p>2\/2020: Karolina Agata Wilczy\u0144ska, rzym.-kat., panna z Mnichowic i Jakub Miros\u0142aw \u0141oniewski, rzym.-kat., kawaler z Wroc\u0142awia<sup>(21 VI)<\/sup>.<\/p>\n","protected":false},"excerpt":{"rendered":"<p>XI Niedziela w ci\u0105gu roku Dzi\u0119kuj\u0119 bardzo wszystkim, kt\u00f3rzy przyczynili si\u0119 do owocnego prze\u017cycia Uroczysto\u015bci Bo\u017cego Cia\u0142a. Najpierw Panu Bogu za b\u0142ogos\u0142awie\u0144stwo; szczeg\u00f3lnie tym, kt\u00f3rzy przygotowali pi\u0119kne o\u0142tarze; SO i muzycznej, dziewczynkom sypi\u0105cym kwiaty przed Naj\u015bwi\u0119tszym Sakramentem. Wdzi\u0119czno\u015b\u0107 wyra\u017cam tym, kt\u00f3rzy nie\u015bli sztandary; Panom pomagaj\u0105cym mi nie\u015b\u0107 Naj\u015bwi\u0119tszy Sakrament; Pani Beacie za przygotowanie ko\u015bcio\u0142a. W&hellip; <br \/> <a class=\"read-more\" href=\"https:\/\/medlow.pl\/index.php\/2020\/06\/14\/ogloszenia-parafialne-14-06-2020\/\">Dowiedz si\u0119 wi\u0119cej<\/a><\/p>\n","protected":false},"author":1,"featured_media":0,"comment_status":"closed","ping_status":"closed","sticky":false,"template":"","format":"standard","meta":{"_bbp_topic_count":0,"_bbp_reply_count":0,"_bbp_total_topic_count":0,"_bbp_total_reply_count":0,"_bbp_voice_count":0,"_bbp_anonymous_reply_count":0,"_bbp_topic_count_hidden":0,"_bbp_reply_count_hidden":0,"_bbp_forum_subforum_count":0,"ngg_post_thumbnail":0,"footnotes":""},"categories":[16],"tags":[],"class_list":["post-6004","post","type-post","status-publish","format-standard","hentry","category-ogloszenia-parafialne"],"_links":{"self":[{"href":"https:\/\/medlow.pl\/index.php\/wp-json\/wp\/v2\/posts\/6004","targetHints":{"allow":["GET"]}}],"collection":[{"href":"https:\/\/medlow.pl\/index.php\/wp-json\/wp\/v2\/posts"}],"about":[{"href":"https:\/\/medlow.pl\/index.php\/wp-json\/wp\/v2\/types\/post"}],"author":[{"embeddable":true,"href":"https:\/\/medlow.pl\/index.php\/wp-json\/wp\/v2\/users\/1"}],"replies":[{"embeddable":true,"href":"https:\/\/medlow.pl\/index.php\/wp-json\/wp\/v2\/comments?post=6004"}],"version-history":[{"count":0,"href":"https:\/\/medlow.pl\/index.php\/wp-json\/wp\/v2\/posts\/6004\/revisions"}],"wp:attachment":[{"href":"https:\/\/medlow.pl\/index.php\/wp-json\/wp\/v2\/media?parent=6004"}],"wp:term":[{"taxonomy":"category","embeddable":true,"href":"https:\/\/medlow.pl\/index.php\/wp-json\/wp\/v2\/categories?post=6004"},{"taxonomy":"post_tag","embeddable":true,"href":"https:\/\/medlow.pl\/index.php\/wp-json\/wp\/v2\/tags?post=6004"}],"curies":[{"name":"wp","href":"https:\/\/api.w.org\/{rel}","templated":true}]}}