{"id":2070,"date":"2019-09-30T08:47:21","date_gmt":"2019-09-30T08:47:21","guid":{"rendered":"http:\/\/medlow.pl\/?p=2070"},"modified":"2019-09-30T08:47:21","modified_gmt":"2019-09-30T08:47:21","slug":"impreza-integracyjna-medlow-2019","status":"publish","type":"post","link":"https:\/\/medlow.pl\/index.php\/2019\/09\/30\/impreza-integracyjna-medlow-2019\/","title":{"rendered":"Impreza integracyjna M\u0119d\u0142\u00f3w 2019"},"content":{"rendered":"\n<p style=\"text-align:left\">Drodzy Mieszka\u0144cy,<\/p>\n\n\n\n<p><br>Chcia\u0142bym bardzo serdecznie podzi\u0119kowa\u0107 wszystkim, kt\u00f3rzy zaszczycili imprez\u0119 swoj\u0105 obecno\u015bci\u0105. Szczeg\u00f3lne podzi\u0119kowania sk\u0142adam na r\u0119ce Andrzeja Michniewicza. Podzi\u0119kowania dla ca\u0142ej rodziny Andrzeja za sta\u0142\u0105 pomoc w ka\u017cdej inicjatywie scalania mieszka\u0144c\u00f3w jak i pomocy w podbramkowych sytuacjach. Szczeg\u00f3lnie gdy nikt nie mo\u017ce, synowie z Andrzejem zawsze s\u0105 gotowi do pomocy. Jeszcze raz dzi\u0119kuje. <br>Nie by\u0142o nas na imprezie w tym roku za du\u017co, ale mam nadzieje, \u017ce by\u0142o to spowodowane temperatur\u0105, kt\u00f3ra zasta\u0142a nas o 2 w nocy (7 stopni). Bawi\u0105cym jednak z tego co wiem nie by\u0142o zimno \ud83d\ude09 <\/p>\n\n\n\n<p>Ma\u0142y skr\u00f3t imprezy &#8211;  <a href=\"https:\/\/www.youtube.com\/watch?v=GoX3d4xzEcs&amp;fbclid=IwAR1p7VKaE-QwPJEclyZFM_iI4MWJxBBEz_nzufjroBw5O7MMSrwlJZLVoEA\">https:\/\/www.youtube.com\/watch?v=GoX3d4xzEcs&amp;fbclid=IwAR1p7VKaE-QwPJEclyZFM_iI4MWJxBBEz_nzufjroBw5O7MMSrwlJZLVoEA<\/a> <br><br>Pozdrawiam<br>So\u0142tys<\/p>\n","protected":false},"excerpt":{"rendered":"<p>Drodzy Mieszka\u0144cy, Chcia\u0142bym bardzo serdecznie podzi\u0119kowa\u0107 wszystkim, kt\u00f3rzy zaszczycili imprez\u0119 swoj\u0105 obecno\u015bci\u0105. Szczeg\u00f3lne podzi\u0119kowania sk\u0142adam na r\u0119ce Andrzeja Michniewicza. Podzi\u0119kowania dla ca\u0142ej rodziny Andrzeja za sta\u0142\u0105 pomoc w ka\u017cdej inicjatywie scalania mieszka\u0144c\u00f3w jak i pomocy w podbramkowych sytuacjach. Szczeg\u00f3lnie gdy nikt nie mo\u017ce, synowie z Andrzejem zawsze s\u0105 gotowi do pomocy. Jeszcze raz dzi\u0119kuje. Nie&hellip; <br \/> <a class=\"read-more\" href=\"https:\/\/medlow.pl\/index.php\/2019\/09\/30\/impreza-integracyjna-medlow-2019\/\">Dowiedz si\u0119 wi\u0119cej<\/a><\/p>\n","protected":false},"author":1,"featured_media":0,"comment_status":"open","ping_status":"closed","sticky":false,"template":"","format":"standard","meta":{"_bbp_topic_count":0,"_bbp_reply_count":0,"_bbp_total_topic_count":0,"_bbp_total_reply_count":0,"_bbp_voice_count":0,"_bbp_anonymous_reply_count":0,"_bbp_topic_count_hidden":0,"_bbp_reply_count_hidden":0,"_bbp_forum_subforum_count":0,"ngg_post_thumbnail":0,"footnotes":""},"categories":[3,9],"tags":[],"class_list":["post-2070","post","type-post","status-publish","format-standard","hentry","category-aktualnosci","category-soltys-informuje"],"_links":{"self":[{"href":"https:\/\/medlow.pl\/index.php\/wp-json\/wp\/v2\/posts\/2070","targetHints":{"allow":["GET"]}}],"collection":[{"href":"https:\/\/medlow.pl\/index.php\/wp-json\/wp\/v2\/posts"}],"about":[{"href":"https:\/\/medlow.pl\/index.php\/wp-json\/wp\/v2\/types\/post"}],"author":[{"embeddable":true,"href":"https:\/\/medlow.pl\/index.php\/wp-json\/wp\/v2\/users\/1"}],"replies":[{"embeddable":true,"href":"https:\/\/medlow.pl\/index.php\/wp-json\/wp\/v2\/comments?post=2070"}],"version-history":[{"count":0,"href":"https:\/\/medlow.pl\/index.php\/wp-json\/wp\/v2\/posts\/2070\/revisions"}],"wp:attachment":[{"href":"https:\/\/medlow.pl\/index.php\/wp-json\/wp\/v2\/media?parent=2070"}],"wp:term":[{"taxonomy":"category","embeddable":true,"href":"https:\/\/medlow.pl\/index.php\/wp-json\/wp\/v2\/categories?post=2070"},{"taxonomy":"post_tag","embeddable":true,"href":"https:\/\/medlow.pl\/index.php\/wp-json\/wp\/v2\/tags?post=2070"}],"curies":[{"name":"wp","href":"https:\/\/api.w.org\/{rel}","templated":true}]}}