{"id":1992,"date":"2019-08-18T12:40:05","date_gmt":"2019-08-18T12:40:05","guid":{"rendered":"http:\/\/medlow.pl\/?p=1992"},"modified":"2019-08-18T12:40:05","modified_gmt":"2019-08-18T12:40:05","slug":"ogloszenia-parafialne-18-08-2019","status":"publish","type":"post","link":"https:\/\/medlow.pl\/index.php\/2019\/08\/18\/ogloszenia-parafialne-18-08-2019\/","title":{"rendered":"Og\u0142oszenia parafialne 18.08.2019"},"content":{"rendered":"\n<p>XX Niedziela w ci\u0105gu roku<br> Dzi\u0119kuj\u0119 bardzo osobom, kt\u00f3re w ubieg\u0142y czwartek przyczyni\u0142y si\u0119 do przygotowania spotkania z m\u0142odzie\u017c\u0105 z Ukrainy!<br> W najbli\u017cszy czwartek o godz. 18-ej rozpocznie si\u0119 Msza \u015aw. i Nabo\u017ce\u0144stwo ku czci \u015aw. Rity w 22-im dniu sierpnia. Na przygotowanych kartkach wypiszmy intencje naszych modlitw.<\/p>\n\n\n\n<!--more-->\n\n\n\n<p><br> Zbli\u017ca si\u0119 dzie\u0144 naszego parafialnego Odpustu, kt\u00f3ry prze\u017cyjemy w niedziel\u0119 8-ego wrze\u015bnia o godz. 13.00 \/wtedy te\u017c po\u015bwi\u0119cimy wie\u0144ce do\u017cynkowe, ziarno siewne i nasiona\/. Uroczysto\u015bci przewodniczy\u0107 b\u0119dzie Ks. Profesor Piotr Mrzyg\u0142\u00f3d.<br> Bardzo serdecznie dzi\u0119kuj\u0119 za przygotowanie ko\u015bcio\u0142a Parafianom z Mnichowic! Przed nast\u0119pn\u0105 niedziel\u0105 o posprz\u0105tanie ko\u015bcio\u0142a prosz\u0119 kolejnych mieszka\u0144c\u00f3w Mnichowic.<br> Dzi\u0119kuj\u0119 za uczynione prace w kaplicy w Okrzeszycach. Dzi\u0119kuj\u0119 osobom, kt\u00f3re trudzi\u0142y si\u0119 przy przygotowaniu Uroczysto\u015bci Odpustowej w Okrzeszycach. Panu Radnemu J\u00f3zefowi dzi\u0119kuj\u0119 za zakup \u015bwiecznika i lekcjonarzy mszalnych!<br> Do \u015bwi\u0119tego zwi\u0105zku ma\u0142\u017ce\u0144skiego przygotowuj\u0105 si\u0119:<br> 9\/2019: Monika Marta Kula, panna z Wierzbna i Stanis\u0142aw Wawrzyn\u00f3w, kawaler z Turowa(1 IX).<\/p>\n","protected":false},"excerpt":{"rendered":"<p>XX Niedziela w ci\u0105gu roku Dzi\u0119kuj\u0119 bardzo osobom, kt\u00f3re w ubieg\u0142y czwartek przyczyni\u0142y si\u0119 do przygotowania spotkania z m\u0142odzie\u017c\u0105 z Ukrainy! W najbli\u017cszy czwartek o godz. 18-ej rozpocznie si\u0119 Msza \u015aw. i Nabo\u017ce\u0144stwo ku czci \u015aw. Rity w 22-im dniu sierpnia. Na przygotowanych kartkach wypiszmy intencje naszych modlitw.<\/p>\n","protected":false},"author":1,"featured_media":0,"comment_status":"open","ping_status":"closed","sticky":false,"template":"","format":"standard","meta":{"_bbp_topic_count":0,"_bbp_reply_count":0,"_bbp_total_topic_count":0,"_bbp_total_reply_count":0,"_bbp_voice_count":0,"_bbp_anonymous_reply_count":0,"_bbp_topic_count_hidden":0,"_bbp_reply_count_hidden":0,"_bbp_forum_subforum_count":0,"ngg_post_thumbnail":0,"footnotes":""},"categories":[16],"tags":[],"class_list":["post-1992","post","type-post","status-publish","format-standard","hentry","category-ogloszenia-parafialne"],"_links":{"self":[{"href":"https:\/\/medlow.pl\/index.php\/wp-json\/wp\/v2\/posts\/1992","targetHints":{"allow":["GET"]}}],"collection":[{"href":"https:\/\/medlow.pl\/index.php\/wp-json\/wp\/v2\/posts"}],"about":[{"href":"https:\/\/medlow.pl\/index.php\/wp-json\/wp\/v2\/types\/post"}],"author":[{"embeddable":true,"href":"https:\/\/medlow.pl\/index.php\/wp-json\/wp\/v2\/users\/1"}],"replies":[{"embeddable":true,"href":"https:\/\/medlow.pl\/index.php\/wp-json\/wp\/v2\/comments?post=1992"}],"version-history":[{"count":0,"href":"https:\/\/medlow.pl\/index.php\/wp-json\/wp\/v2\/posts\/1992\/revisions"}],"wp:attachment":[{"href":"https:\/\/medlow.pl\/index.php\/wp-json\/wp\/v2\/media?parent=1992"}],"wp:term":[{"taxonomy":"category","embeddable":true,"href":"https:\/\/medlow.pl\/index.php\/wp-json\/wp\/v2\/categories?post=1992"},{"taxonomy":"post_tag","embeddable":true,"href":"https:\/\/medlow.pl\/index.php\/wp-json\/wp\/v2\/tags?post=1992"}],"curies":[{"name":"wp","href":"https:\/\/api.w.org\/{rel}","templated":true}]}}