{"id":1988,"date":"2019-08-11T22:41:12","date_gmt":"2019-08-11T22:41:12","guid":{"rendered":"http:\/\/medlow.pl\/?p=1988"},"modified":"2019-08-11T22:41:12","modified_gmt":"2019-08-11T22:41:12","slug":"ogloszenia-parafialne-11-08-2019","status":"publish","type":"post","link":"https:\/\/medlow.pl\/index.php\/2019\/08\/11\/ogloszenia-parafialne-11-08-2019\/","title":{"rendered":"Og\u0142oszenia parafialne 11.08.2019"},"content":{"rendered":"\n<p>XIX Niedziela w ci\u0105gu roku<br> Zgodnie z zarz\u0105dzeniem Ksi\u0119dza Arcybiskupa dzisiaj zbieramy \u015brodki pieni\u0119\u017cne na rzecz PWT i Wy\u017cszego Seminarium Duchownego we Wroc\u0142awiu.<br> We wtorek o godz. 17.00, pomodlimy si\u0119 na Mszy \u015aw. i  Nabo\u017ce\u0144stwie Fatimskim.<br> <\/p>\n\n\n\n<p>W czwartek prze\u017cyjemy Uroczysto\u015b\u0107 Wniebowzi\u0119cia NMP. Jest to jednocze\u015bnie odpust w kaplicy w Okrzeszycach. <\/p>\n\n\n\n<!--more-->\n\n\n\n<p>\u015awi\u0105tecznej Mszy \u015bw. o godz. 13.00 \/nie b\u0119dzie tam Mszy \u015bw. o godz. 10.00!\/ przewodniczy\u0107 b\u0119dzie i homili\u0119 wyg\u0142osi Ks. Kanonik Tomasz Zaj\u0105c \u2013 proboszcz Parafii Mi\u0142osierdzia Bo\u017cego w \u015awidnicy. Wszystkich naszych Parafian zapraszam do udzia\u0142u w tej Uroczysto\u015bci! We Mszy \u015aw. w Turowie o godz. 8.30 uczestniczy\u0107 b\u0119d\u0105 dzieci z Ukrainy, kt\u00f3re przyjecha\u0142y na letni wypoczynek do \u017b\u00f3rawiny. W Turowie b\u0119dzie te\u017c Msza \u015aw. o godz. 11.30. Na zako\u0144czenie wszystkich Mszy \u015bw. w t\u0119 Uroczysto\u015b\u0107 dokonam b\u0142ogos\u0142awie\u0144stwa zi\u00f3\u0142 i kwiat\u00f3w.<br> Tak\u017ce w \u015brod\u0119 zbiera\u0107 b\u0119dziemy ofiary, kt\u00f3re przeznaczone b\u0119d\u0105 na odbudow\u0119 ko\u015bcio\u0142\u00f3w w naszej Archidiecezji.<br> Zapraszamy na II Archidiecezjaln\u0105 Pielgrzymk\u0119 Czcicieli Maryi &#8211; Wsp\u00f3lnot \u017bywego R\u00f3\u017ca\u0144ca do Henrykowa. Spotkanie rozpocznie si\u0119 17 sierpnia br. o godz. 9.30, a o godz. 11.00 Msza \u015bw., kt\u00f3rej b\u0119dzie przewodniczy\u0142 Abp J\u00f3zef Kupny.<br> W najbli\u017csz\u0105 sobot\u0119 kancelaria parafialna nie b\u0119dzie czynna. Sprawy kancelaryjne mo\u017cna za\u0142atwia\u0107 we wtorek po Mszy \u015aw. o godz. 17ej.<br> Bardzo serdecznie dzi\u0119kuj\u0119 za przygotowanie ko\u015bcio\u0142a Rodzinie z Mnichowic! Przed nast\u0119pn\u0105 niedziel\u0105 o posprz\u0105tanie ko\u015bcio\u0142a prosz\u0119 Parafian z ul. Kasztanowej z Mnichowic.<br> Dzi\u0119kuj\u0119 za przygotowanie kaplicy w Okrzeszycach!<br> W pi\u0105tek pogrzebem po\u017cegnali\u015bmy \u015bp. Rafa\u0142a D\u0105browskiego z Mnichowic. Wieczne odpoczywanie racz mu da\u0107 Panie\u2026<\/p>\n","protected":false},"excerpt":{"rendered":"<p>XIX Niedziela w ci\u0105gu roku Zgodnie z zarz\u0105dzeniem Ksi\u0119dza Arcybiskupa dzisiaj zbieramy \u015brodki pieni\u0119\u017cne na rzecz PWT i Wy\u017cszego Seminarium Duchownego we Wroc\u0142awiu. We wtorek o godz. 17.00, pomodlimy si\u0119 na Mszy \u015aw. i Nabo\u017ce\u0144stwie Fatimskim. W czwartek prze\u017cyjemy Uroczysto\u015b\u0107 Wniebowzi\u0119cia NMP. Jest to jednocze\u015bnie odpust w kaplicy w Okrzeszycach.<\/p>\n","protected":false},"author":1,"featured_media":0,"comment_status":"open","ping_status":"closed","sticky":false,"template":"","format":"standard","meta":{"_bbp_topic_count":0,"_bbp_reply_count":0,"_bbp_total_topic_count":0,"_bbp_total_reply_count":0,"_bbp_voice_count":0,"_bbp_anonymous_reply_count":0,"_bbp_topic_count_hidden":0,"_bbp_reply_count_hidden":0,"_bbp_forum_subforum_count":0,"ngg_post_thumbnail":0,"footnotes":""},"categories":[16],"tags":[],"class_list":["post-1988","post","type-post","status-publish","format-standard","hentry","category-ogloszenia-parafialne"],"_links":{"self":[{"href":"https:\/\/medlow.pl\/index.php\/wp-json\/wp\/v2\/posts\/1988","targetHints":{"allow":["GET"]}}],"collection":[{"href":"https:\/\/medlow.pl\/index.php\/wp-json\/wp\/v2\/posts"}],"about":[{"href":"https:\/\/medlow.pl\/index.php\/wp-json\/wp\/v2\/types\/post"}],"author":[{"embeddable":true,"href":"https:\/\/medlow.pl\/index.php\/wp-json\/wp\/v2\/users\/1"}],"replies":[{"embeddable":true,"href":"https:\/\/medlow.pl\/index.php\/wp-json\/wp\/v2\/comments?post=1988"}],"version-history":[{"count":0,"href":"https:\/\/medlow.pl\/index.php\/wp-json\/wp\/v2\/posts\/1988\/revisions"}],"wp:attachment":[{"href":"https:\/\/medlow.pl\/index.php\/wp-json\/wp\/v2\/media?parent=1988"}],"wp:term":[{"taxonomy":"category","embeddable":true,"href":"https:\/\/medlow.pl\/index.php\/wp-json\/wp\/v2\/categories?post=1988"},{"taxonomy":"post_tag","embeddable":true,"href":"https:\/\/medlow.pl\/index.php\/wp-json\/wp\/v2\/tags?post=1988"}],"curies":[{"name":"wp","href":"https:\/\/api.w.org\/{rel}","templated":true}]}}