{"id":1983,"date":"2019-08-06T10:30:09","date_gmt":"2019-08-06T10:30:09","guid":{"rendered":"http:\/\/medlow.pl\/?p=1983"},"modified":"2019-08-06T10:30:09","modified_gmt":"2019-08-06T10:30:09","slug":"zebranie-wiejskie-14-09-2019-godz-1600","status":"publish","type":"post","link":"https:\/\/medlow.pl\/index.php\/2019\/08\/06\/zebranie-wiejskie-14-09-2019-godz-1600\/","title":{"rendered":"Zebranie Wiejskie 14.09.2019 godz 16:00"},"content":{"rendered":"\n<div class=\"wp-block-image\"><figure class=\"aligncenter\"><img decoding=\"async\" src=\"https:\/\/medlow.pl\/wp-content\/uploads\/2019\/08\/zebranie_wiejskie.png\" alt=\"\" class=\"wp-image-1984\"\/><\/figure><\/div>\n\n\n\n<p>W imieniu swoim jak i Rady So\u0142eckiej zapraszam serdecznie na zebranie wiejskie 2019, na kt\u00f3rym zostanie zatwierdzony bud\u017cet so\u0142ecki M\u0119d\u0142owa na rok 2020. <\/p>\n\n\n\n<p>Zebranie odb\u0119dzie si\u0119 w Gminnym Centrum Kultury w \u017b\u00f3rawinie.<br><br><\/p>\n","protected":false},"excerpt":{"rendered":"<p>W imieniu swoim jak i Rady So\u0142eckiej zapraszam serdecznie na zebranie wiejskie 2019, na kt\u00f3rym zostanie zatwierdzony bud\u017cet so\u0142ecki M\u0119d\u0142owa na rok 2020. Zebranie odb\u0119dzie si\u0119 w Gminnym Centrum Kultury w \u017b\u00f3rawinie.<\/p>\n","protected":false},"author":1,"featured_media":0,"comment_status":"open","ping_status":"closed","sticky":false,"template":"","format":"standard","meta":{"_bbp_topic_count":0,"_bbp_reply_count":0,"_bbp_total_topic_count":0,"_bbp_total_reply_count":0,"_bbp_voice_count":0,"_bbp_anonymous_reply_count":0,"_bbp_topic_count_hidden":0,"_bbp_reply_count_hidden":0,"_bbp_forum_subforum_count":0,"ngg_post_thumbnail":0,"footnotes":""},"categories":[3,9],"tags":[],"class_list":["post-1983","post","type-post","status-publish","format-standard","hentry","category-aktualnosci","category-soltys-informuje"],"_links":{"self":[{"href":"https:\/\/medlow.pl\/index.php\/wp-json\/wp\/v2\/posts\/1983","targetHints":{"allow":["GET"]}}],"collection":[{"href":"https:\/\/medlow.pl\/index.php\/wp-json\/wp\/v2\/posts"}],"about":[{"href":"https:\/\/medlow.pl\/index.php\/wp-json\/wp\/v2\/types\/post"}],"author":[{"embeddable":true,"href":"https:\/\/medlow.pl\/index.php\/wp-json\/wp\/v2\/users\/1"}],"replies":[{"embeddable":true,"href":"https:\/\/medlow.pl\/index.php\/wp-json\/wp\/v2\/comments?post=1983"}],"version-history":[{"count":0,"href":"https:\/\/medlow.pl\/index.php\/wp-json\/wp\/v2\/posts\/1983\/revisions"}],"wp:attachment":[{"href":"https:\/\/medlow.pl\/index.php\/wp-json\/wp\/v2\/media?parent=1983"}],"wp:term":[{"taxonomy":"category","embeddable":true,"href":"https:\/\/medlow.pl\/index.php\/wp-json\/wp\/v2\/categories?post=1983"},{"taxonomy":"post_tag","embeddable":true,"href":"https:\/\/medlow.pl\/index.php\/wp-json\/wp\/v2\/tags?post=1983"}],"curies":[{"name":"wp","href":"https:\/\/api.w.org\/{rel}","templated":true}]}}