{"id":1981,"date":"2019-08-05T07:59:21","date_gmt":"2019-08-05T07:59:21","guid":{"rendered":"http:\/\/medlow.pl\/?p=1981"},"modified":"2019-08-05T07:59:21","modified_gmt":"2019-08-05T07:59:21","slug":"ogloszenia-parafialne-04-08-2019","status":"publish","type":"post","link":"https:\/\/medlow.pl\/index.php\/2019\/08\/05\/ogloszenia-parafialne-04-08-2019\/","title":{"rendered":"Og\u0142oszenia parafialne 04.08.2019"},"content":{"rendered":"\n<p>XVIII Niedziela w ci\u0105gu roku<br> Jak co miesi\u0105c Ojciec \u015awi\u0119ty poleca modlitwom wiernych na ca\u0142ym \u015bwiecie intencj\u0119 \/intencja ewangelizacyjna\/: Aby rodziny, dzi\u0119ki \u017cyciu pe\u0142nemu modlitwy i mi\u0142o\u015bci, stawa\u0142y si\u0119 coraz bardziej \u00ablaboratoriami humanizacji.<\/p>\n\n\n\n<!--more-->\n\n\n\n<p><br> Prze\u017cywamy pierwsz\u0105 niedziel\u0119 sierpnia. Duchowo towarzyszymy pielgrzymom zmierzaj\u0105cym na Jasn\u0105 G\u00f3r\u0119.<br> Pami\u0119tajmy, \u017ce za tydzie\u0144, w II-\u0105 niedziel\u0119 miesi\u0105ca podczas Mszy \u015bw. o godz. 11.30 opiece Bo\u017cej i b\u0142ogos\u0142awie\u0144stwu polecimy dzieci, kt\u00f3re w tym miesi\u0105cu prze\u017cywaj\u0105 rocznic\u0119 Chrztu \u015bw., urodzin.<br> Zgodnie z zarz\u0105dzeniem Ksi\u0119dza Arcybiskupa, w drug\u0105 niedziel\u0119 sierpnia, zbierzemy \u015brodki pieni\u0119\u017cne na rzecz PWT i Wy\u017cszego Seminarium Duchownego we Wroc\u0142awiu.<br> W tym tygodniu od poniedzia\u0142ku do czwartku nie b\u0119dzie Mszy \u015bw. w naszej Parafii. W pilnych sprawach prosz\u0119 kontaktowa\u0107 si\u0119 z Pani\u0105 Ko\u015bcieln\u0105.<br> W najbli\u017csz\u0105 sobot\u0119 kancelaria parafialna b\u0119dzie czynna w godz. 16.00-16.50.<br> Bardzo serdecznie dzi\u0119kuj\u0119 za przygotowanie ko\u015bcio\u0142a wczorajszym nowo\u017ce\u0144com! Przed nast\u0119pn\u0105 niedziel\u0105 o posprz\u0105tanie i ukwiecenie ko\u015bcio\u0142a prosz\u0119 Parafian z Mnichowic.<br> Dzi\u0119kuj\u0119 za przygotowanie kaplicy w Okrzeszycach!<br> Wczoraj na cmentarzu we Wroc\u0142awiu Grabiszynku pogrzebem po\u017cegnali\u015bmy \u015bp. Agnieszk\u0119 R\u0171mpelein. Wieczne odpoczywanie racz jej da\u0107 Panie\u2026 <\/p>\n","protected":false},"excerpt":{"rendered":"<p>XVIII Niedziela w ci\u0105gu roku Jak co miesi\u0105c Ojciec \u015awi\u0119ty poleca modlitwom wiernych na ca\u0142ym \u015bwiecie intencj\u0119 \/intencja ewangelizacyjna\/: Aby rodziny, dzi\u0119ki \u017cyciu pe\u0142nemu modlitwy i mi\u0142o\u015bci, stawa\u0142y si\u0119 coraz bardziej \u00ablaboratoriami humanizacji.<\/p>\n","protected":false},"author":1,"featured_media":0,"comment_status":"open","ping_status":"closed","sticky":false,"template":"","format":"standard","meta":{"_bbp_topic_count":0,"_bbp_reply_count":0,"_bbp_total_topic_count":0,"_bbp_total_reply_count":0,"_bbp_voice_count":0,"_bbp_anonymous_reply_count":0,"_bbp_topic_count_hidden":0,"_bbp_reply_count_hidden":0,"_bbp_forum_subforum_count":0,"ngg_post_thumbnail":0,"footnotes":""},"categories":[16],"tags":[],"class_list":["post-1981","post","type-post","status-publish","format-standard","hentry","category-ogloszenia-parafialne"],"_links":{"self":[{"href":"https:\/\/medlow.pl\/index.php\/wp-json\/wp\/v2\/posts\/1981","targetHints":{"allow":["GET"]}}],"collection":[{"href":"https:\/\/medlow.pl\/index.php\/wp-json\/wp\/v2\/posts"}],"about":[{"href":"https:\/\/medlow.pl\/index.php\/wp-json\/wp\/v2\/types\/post"}],"author":[{"embeddable":true,"href":"https:\/\/medlow.pl\/index.php\/wp-json\/wp\/v2\/users\/1"}],"replies":[{"embeddable":true,"href":"https:\/\/medlow.pl\/index.php\/wp-json\/wp\/v2\/comments?post=1981"}],"version-history":[{"count":0,"href":"https:\/\/medlow.pl\/index.php\/wp-json\/wp\/v2\/posts\/1981\/revisions"}],"wp:attachment":[{"href":"https:\/\/medlow.pl\/index.php\/wp-json\/wp\/v2\/media?parent=1981"}],"wp:term":[{"taxonomy":"category","embeddable":true,"href":"https:\/\/medlow.pl\/index.php\/wp-json\/wp\/v2\/categories?post=1981"},{"taxonomy":"post_tag","embeddable":true,"href":"https:\/\/medlow.pl\/index.php\/wp-json\/wp\/v2\/tags?post=1981"}],"curies":[{"name":"wp","href":"https:\/\/api.w.org\/{rel}","templated":true}]}}