{"id":1974,"date":"2019-07-28T18:46:26","date_gmt":"2019-07-28T18:46:26","guid":{"rendered":"http:\/\/medlow.pl\/?p=1974"},"modified":"2019-07-28T18:46:26","modified_gmt":"2019-07-28T18:46:26","slug":"ogloszenia-parafialne-28-07-2019","status":"publish","type":"post","link":"https:\/\/medlow.pl\/index.php\/2019\/07\/28\/ogloszenia-parafialne-28-07-2019\/","title":{"rendered":"Og\u0142oszenia parafialne 28.07.2019"},"content":{"rendered":"\n<p>XVII Niedziela w ci\u0105gu roku<br> Dzisiaj, z okazji trwaj\u0105cego XX Og\u00f3lnopolskiego Tygodnia \u015bw. Krzysztofa \/21 \u2013 28 lipca 2019 r.\/ pod has\u0142em: Ochrzczeni i pos\u0142ani niesiemy Chrystusa, po Mszach \u015bw. b\u0142ogos\u0142awi\u0119 kierowc\u00f3w i \u015bwi\u0119c\u0119 ich pojazdy: w Turowie najpierw od strony ul. Lipowej, potem na ul. Parafialnej. Tak samo na parkingu w Okrzeszycach. <\/p>\n\n\n\n<!--more-->\n\n\n\n<p>Chciejmy podzi\u0119kowa\u0107 Panu Bogu za szcz\u0119\u015bliwe podr\u00f3\u017ce i prosi\u0107 o opiek\u0119 w przysz\u0142o\u015bci. Ofiarami mo\u017cemy wesprze\u0107 zakup pojazd\u00f3w dla misjonarzy.<br> Od czwartku rozpoczynamy sierpie\u0144. Pami\u0119tajmy o podj\u0119ciu postanowie\u0144 abstynenckich w tym miesi\u0105cu.<br> W pi\u0105tek, pod has\u0142em \u201eO\u017cywiciel\u201d, wyrusza XXXIX Piesza Pielgrzymka Wroc\u0142awska do Cz\u0119stochowy, a na Jasnej G\u00f3rze pok\u0142oni si\u0119 Matce Bo\u017cej 10 sierpnia. Duchowo \u0142\u0105czymy si\u0119 z p\u0105tnikami.<br> W czwartek, pierwszy sierpniowy, serdecznie zapraszam na Msz\u0119 \u015aw. o godz. 17.00 i po niej na Adoracj\u0119 Naj\u015bwi\u0119tszego Sakramentu w ciszy w obecno\u015bci relikwii \u015awi\u0119tej Ma\u0142ej Arabki.<br> W pi\u0105tek, 2 sierpnia, mo\u017cemy zyska\u0107 Odpust Porcjunkuli &#8211; ka\u017cdy, kto w tym dniu nawiedzi sw\u00f3j ko\u015bci\u00f3\u0142 parafialny, spe\u0142niaj\u0105c zwyk\u0142e warunki, zyskuje odpust zupe\u0142ny. Msze \u015bw. w Turowie b\u0119dzie o godz. 7.30 i o 18.00. Spowied\u017a \u015bw. w Turowie w pi\u0105tek od godz. 16.45. W pi\u0105tek odwiedz\u0119 te\u017c chorych z Naj\u015bwi\u0119tszym Sakramentem.<br> Za tydzie\u0144 w I-\u0105 niedziel\u0119 sierpnia na Mszach \u015aw. Adoracja Naj\u015bwi\u0119tszego Sakramentu i zmiana Tajemnic \u017bywego R\u00f3\u017ca\u0144ca.<br> Bardzo dzi\u0119kuj\u0119 za przygotowanie ko\u015bcio\u0142a Parafianom z Mnichowic! Przed nast\u0119pn\u0105 niedziel\u0105 o posprz\u0105tanie i ukwiecenie ko\u015bcio\u0142a prosz\u0119 sobotnich nowo\u017ce\u0144c\u00f3w.<br> Dzi\u0119kuj\u0119 za przygotowanie kaplicy w Okrzeszycach!<br> Do \u015bwi\u0119tego zwi\u0105zku ma\u0142\u017ce\u0144skiego przygotowuj\u0105 si\u0119:<br> 8\/2019: Katarzyna Romejko, panna z Gi\u017cycka i Piotr Marek Wr\u00f3bel, kawaler z Wojkowic(28 VII).<br> W pi\u0105tek pogrzebem po\u017cegnali\u015bmy \u015bp. Stanis\u0142aw\u0119 D\u0105bek z Bratowic. Wieczne odpoczywanie racz jej da\u0107 Panie\u2026<\/p>\n","protected":false},"excerpt":{"rendered":"<p>XVII Niedziela w ci\u0105gu roku Dzisiaj, z okazji trwaj\u0105cego XX Og\u00f3lnopolskiego Tygodnia \u015bw. Krzysztofa \/21 \u2013 28 lipca 2019 r.\/ pod has\u0142em: Ochrzczeni i pos\u0142ani niesiemy Chrystusa, po Mszach \u015bw. b\u0142ogos\u0142awi\u0119 kierowc\u00f3w i \u015bwi\u0119c\u0119 ich pojazdy: w Turowie najpierw od strony ul. Lipowej, potem na ul. Parafialnej. Tak samo na parkingu w Okrzeszycach.<\/p>\n","protected":false},"author":1,"featured_media":0,"comment_status":"open","ping_status":"closed","sticky":false,"template":"","format":"standard","meta":{"_bbp_topic_count":0,"_bbp_reply_count":0,"_bbp_total_topic_count":0,"_bbp_total_reply_count":0,"_bbp_voice_count":0,"_bbp_anonymous_reply_count":0,"_bbp_topic_count_hidden":0,"_bbp_reply_count_hidden":0,"_bbp_forum_subforum_count":0,"ngg_post_thumbnail":0,"footnotes":""},"categories":[16],"tags":[],"class_list":["post-1974","post","type-post","status-publish","format-standard","hentry","category-ogloszenia-parafialne"],"_links":{"self":[{"href":"https:\/\/medlow.pl\/index.php\/wp-json\/wp\/v2\/posts\/1974","targetHints":{"allow":["GET"]}}],"collection":[{"href":"https:\/\/medlow.pl\/index.php\/wp-json\/wp\/v2\/posts"}],"about":[{"href":"https:\/\/medlow.pl\/index.php\/wp-json\/wp\/v2\/types\/post"}],"author":[{"embeddable":true,"href":"https:\/\/medlow.pl\/index.php\/wp-json\/wp\/v2\/users\/1"}],"replies":[{"embeddable":true,"href":"https:\/\/medlow.pl\/index.php\/wp-json\/wp\/v2\/comments?post=1974"}],"version-history":[{"count":0,"href":"https:\/\/medlow.pl\/index.php\/wp-json\/wp\/v2\/posts\/1974\/revisions"}],"wp:attachment":[{"href":"https:\/\/medlow.pl\/index.php\/wp-json\/wp\/v2\/media?parent=1974"}],"wp:term":[{"taxonomy":"category","embeddable":true,"href":"https:\/\/medlow.pl\/index.php\/wp-json\/wp\/v2\/categories?post=1974"},{"taxonomy":"post_tag","embeddable":true,"href":"https:\/\/medlow.pl\/index.php\/wp-json\/wp\/v2\/tags?post=1974"}],"curies":[{"name":"wp","href":"https:\/\/api.w.org\/{rel}","templated":true}]}}