{"id":1968,"date":"2019-07-21T10:50:14","date_gmt":"2019-07-21T10:50:14","guid":{"rendered":"http:\/\/medlow.pl\/?p=1968"},"modified":"2019-07-21T10:50:14","modified_gmt":"2019-07-21T10:50:14","slug":"ogloszenia-parafialne-21-07-2019","status":"publish","type":"post","link":"https:\/\/medlow.pl\/index.php\/2019\/07\/21\/ogloszenia-parafialne-21-07-2019\/","title":{"rendered":"Og\u0142oszenia parafialne 21.07.2019"},"content":{"rendered":"\n<p>XVI Niedziela w ci\u0105gu roku<br> Jutro po raz kolejny w naszej Parafii prze\u017cywa\u0107 b\u0119dziemy miesi\u0119czne wspomnienie \u015bw. Rity \/Patronki od spraw trudnych i beznadziejnych\/. W obecno\u015bci Jej relikwii uczynimy Msz\u0119 \u015bw. i Nabo\u017ce\u0144stwo o godz. 18.00.<br> Za tydzie\u0144 w niedziel\u0119 z okazji zbli\u017caj\u0105cego si\u0119 wspomnienia \u015bw. Krzysztofa, po wszystkich Mszach \u015bw. pob\u0142ogos\u0142awi\u0119 kierowc\u00f3w i po\u015bwi\u0119c\u0119 ich pojazdy; <\/p>\n\n\n\n<!--more-->\n\n\n\n<p>W Turowie najpierw od strony ul. Lipowej, potem na ul. Parafialnej. Tak samo na parkingu w Okrzeszycach. Chciejmy podzi\u0119kowa\u0107 Panu Bogu za szcz\u0119\u015bliwe podr\u00f3\u017ce i prosi\u0107 o opiek\u0119 w przysz\u0142o\u015bci. Ofiarami mo\u017cemy wesprze\u0107 zakup pojazd\u00f3w dla misjonarzy.<br> W najbli\u017cszym tygodniu w ko\u015bciele turowskim nie b\u0119dzie Mszy \u015bw. od wtorku do pi\u0105tku. W pilnych sprawach prosz\u0119 si\u0119 kontaktowa\u0107 z Pani\u0105 Ko\u015bcieln\u0105. Kancelaria Parafialna w tym tygodniu b\u0119dzie czynna w sobot\u0119 w godz. 8.30 &#8211; 9.00.<br> Bardzo dzi\u0119kuj\u0119 za przygotowanie ko\u015bcio\u0142a Parafianom z Osiedla Lawendowego z Wojkowic! Przed nast\u0119pn\u0105 niedziel\u0105 o przygotowanie ko\u015bcio\u0142a prosz\u0119 ju\u017c Parafian z Mnichowic.<br> Dzi\u0119kuj\u0119 za przygotowanie kaplicy w Okrzeszycach!<br> Do \u015bwi\u0119tego zwi\u0105zku ma\u0142\u017ce\u0144skiego przygotowuj\u0105 si\u0119:<br> 7\/2019: Katarzyna Pokrzywnicka, panna z Ruszkowca i Marcin Micha\u0142 Le\u015bniak, kawaler z M\u0119d\u0142owa(21 VII).<br> 8\/2019: Katarzyna Romejko, panna z Gi\u017cycka i Piotr Marek Wr\u00f3bel, kawaler z Wojkowic(28 VII).<\/p>\n","protected":false},"excerpt":{"rendered":"<p>XVI Niedziela w ci\u0105gu roku Jutro po raz kolejny w naszej Parafii prze\u017cywa\u0107 b\u0119dziemy miesi\u0119czne wspomnienie \u015bw. Rity \/Patronki od spraw trudnych i beznadziejnych\/. W obecno\u015bci Jej relikwii uczynimy Msz\u0119 \u015bw. i Nabo\u017ce\u0144stwo o godz. 18.00. Za tydzie\u0144 w niedziel\u0119 z okazji zbli\u017caj\u0105cego si\u0119 wspomnienia \u015bw. Krzysztofa, po wszystkich Mszach \u015bw. pob\u0142ogos\u0142awi\u0119 kierowc\u00f3w i po\u015bwi\u0119c\u0119&hellip; <br \/> <a class=\"read-more\" href=\"https:\/\/medlow.pl\/index.php\/2019\/07\/21\/ogloszenia-parafialne-21-07-2019\/\">Dowiedz si\u0119 wi\u0119cej<\/a><\/p>\n","protected":false},"author":1,"featured_media":0,"comment_status":"open","ping_status":"closed","sticky":false,"template":"","format":"standard","meta":{"_bbp_topic_count":0,"_bbp_reply_count":0,"_bbp_total_topic_count":0,"_bbp_total_reply_count":0,"_bbp_voice_count":0,"_bbp_anonymous_reply_count":0,"_bbp_topic_count_hidden":0,"_bbp_reply_count_hidden":0,"_bbp_forum_subforum_count":0,"ngg_post_thumbnail":0,"footnotes":""},"categories":[16],"tags":[],"class_list":["post-1968","post","type-post","status-publish","format-standard","hentry","category-ogloszenia-parafialne"],"_links":{"self":[{"href":"https:\/\/medlow.pl\/index.php\/wp-json\/wp\/v2\/posts\/1968","targetHints":{"allow":["GET"]}}],"collection":[{"href":"https:\/\/medlow.pl\/index.php\/wp-json\/wp\/v2\/posts"}],"about":[{"href":"https:\/\/medlow.pl\/index.php\/wp-json\/wp\/v2\/types\/post"}],"author":[{"embeddable":true,"href":"https:\/\/medlow.pl\/index.php\/wp-json\/wp\/v2\/users\/1"}],"replies":[{"embeddable":true,"href":"https:\/\/medlow.pl\/index.php\/wp-json\/wp\/v2\/comments?post=1968"}],"version-history":[{"count":0,"href":"https:\/\/medlow.pl\/index.php\/wp-json\/wp\/v2\/posts\/1968\/revisions"}],"wp:attachment":[{"href":"https:\/\/medlow.pl\/index.php\/wp-json\/wp\/v2\/media?parent=1968"}],"wp:term":[{"taxonomy":"category","embeddable":true,"href":"https:\/\/medlow.pl\/index.php\/wp-json\/wp\/v2\/categories?post=1968"},{"taxonomy":"post_tag","embeddable":true,"href":"https:\/\/medlow.pl\/index.php\/wp-json\/wp\/v2\/tags?post=1968"}],"curies":[{"name":"wp","href":"https:\/\/api.w.org\/{rel}","templated":true}]}}