{"id":1965,"date":"2019-07-14T17:43:33","date_gmt":"2019-07-14T17:43:33","guid":{"rendered":"http:\/\/medlow.pl\/?p=1965"},"modified":"2019-07-14T17:43:33","modified_gmt":"2019-07-14T17:43:33","slug":"ogloszenia-parafialne-14-07-2019","status":"publish","type":"post","link":"https:\/\/medlow.pl\/index.php\/2019\/07\/14\/ogloszenia-parafialne-14-07-2019\/","title":{"rendered":"Og\u0142oszenia parafialne 14.07.2019"},"content":{"rendered":"\n<p>OG\u0141OSZENIA PARAFIALNE<br> 14 07 2019 r.       XV Niedziela w ci\u0105gu roku<br> Pozdrawiam serdecznie licznych Solenizant\u00f3w najbli\u017cszych dni, \u017cycz\u0119 opieki Bo\u017cej, Matki Naj\u015bwi\u0119tszej i \u015awi\u0119tych Patron\u00f3w oraz dobrego zdrowia!<br> Dzi\u0119kuj\u0119 pi\u0119knie tym wszystkim, kt\u00f3rzy przychodz\u0105 do mnie z \u017cyczeniami imieninowymi! Dzi\u0119kuj\u0119 za modlitwy i za Msze \u015bw. w mojej intencji! <\/p>\n\n\n\n<!--more-->\n\n\n\n<p><br> W pi\u0105tek o godz. 17.00 w ko\u015bciele sprawowa\u0107 b\u0119dziemy Nabo\u017ce\u0144stwo i Msz\u0119 \u015bw. za poleconych w Wypominkach Zmar\u0142ych.<br> Kancelaria Parafialna w tym tygodniu b\u0119dzie czynna w pi\u0105tek w godz. 18.00-19.00.<br> Za tydzie\u0144, z okazji zbli\u017caj\u0105cego si\u0119 wspomnienia \u015bw. Krzysztofa, rozpoczniemy XX Og\u00f3lnopolski Tydzie\u0144 \u015bw. Krzysztofa \/21 \u2013 28 lipca 2019 r.\/ pod has\u0142em: Ochrzczeni i pos\u0142ani niesiemy Chrystusa. Nieod\u0142\u0105czn\u0105 cz\u0119\u015bci\u0105 jego obchod\u00f3w jest Akcja \u015bw. Krzysztof \u2013 1 gr za 1 km bezpiecznej jazdy na \u015brodki transportu dla polskich misjonarzy. Dzi\u0119ki tej Akcji MIVA Polska udziela niezb\u0119dnej pomocy w zakupie pojazd\u00f3w na misje. B\u0142ogos\u0142awie\u0144stwa kierowc\u00f3w i po\u015bwi\u0119cenia ich pojazd\u00f3w dokonamy w niedziel\u0119 28 VII po ka\u017cdej Mszy \u015aw. Chciejmy podzi\u0119kowa\u0107 Panu Bogu za szcz\u0119\u015bliwe podr\u00f3\u017ce i prosi\u0107 o opiek\u0119 Opatrzno\u015bci Bo\u017cej w przysz\u0142o\u015bci.<br> Bardzo dzi\u0119kuj\u0119 za przygotowanie ko\u015bcio\u0142a Parafianom z Wojkowic! Przed nast\u0119pn\u0105 niedziel\u0105 o przygotowanie ko\u015bcio\u0142a prosz\u0119 Parafian z Osiedla Lawendowego z Wojkowic.<br> Dzi\u0119kuj\u0119 za przygotowanie kaplicy w Okrzeszycach!<br> Do \u015bwi\u0119tego zwi\u0105zku ma\u0142\u017ce\u0144skiego przygotowuj\u0105 si\u0119:<br> 7\/2019: Katarzyna Pokrzywnicka, panna z Ruszkowca i Marcin Micha\u0142 Le\u015bniak, kawaler z M\u0119d\u0142owa(21 VII).<br> 8\/2019: Katarzyna Romejko, panna z Gi\u017cycka i Piotr Marek Wr\u00f3bel, kawaler z Wojkowic(28 VII).<\/p>\n","protected":false},"excerpt":{"rendered":"<p>OG\u0141OSZENIA PARAFIALNE 14 07 2019 r. XV Niedziela w ci\u0105gu roku Pozdrawiam serdecznie licznych Solenizant\u00f3w najbli\u017cszych dni, \u017cycz\u0119 opieki Bo\u017cej, Matki Naj\u015bwi\u0119tszej i \u015awi\u0119tych Patron\u00f3w oraz dobrego zdrowia! Dzi\u0119kuj\u0119 pi\u0119knie tym wszystkim, kt\u00f3rzy przychodz\u0105 do mnie z \u017cyczeniami imieninowymi! Dzi\u0119kuj\u0119 za modlitwy i za Msze \u015bw. w mojej intencji!<\/p>\n","protected":false},"author":1,"featured_media":0,"comment_status":"open","ping_status":"closed","sticky":false,"template":"","format":"standard","meta":{"_bbp_topic_count":0,"_bbp_reply_count":0,"_bbp_total_topic_count":0,"_bbp_total_reply_count":0,"_bbp_voice_count":0,"_bbp_anonymous_reply_count":0,"_bbp_topic_count_hidden":0,"_bbp_reply_count_hidden":0,"_bbp_forum_subforum_count":0,"ngg_post_thumbnail":0,"footnotes":""},"categories":[16],"tags":[],"class_list":["post-1965","post","type-post","status-publish","format-standard","hentry","category-ogloszenia-parafialne"],"_links":{"self":[{"href":"https:\/\/medlow.pl\/index.php\/wp-json\/wp\/v2\/posts\/1965","targetHints":{"allow":["GET"]}}],"collection":[{"href":"https:\/\/medlow.pl\/index.php\/wp-json\/wp\/v2\/posts"}],"about":[{"href":"https:\/\/medlow.pl\/index.php\/wp-json\/wp\/v2\/types\/post"}],"author":[{"embeddable":true,"href":"https:\/\/medlow.pl\/index.php\/wp-json\/wp\/v2\/users\/1"}],"replies":[{"embeddable":true,"href":"https:\/\/medlow.pl\/index.php\/wp-json\/wp\/v2\/comments?post=1965"}],"version-history":[{"count":0,"href":"https:\/\/medlow.pl\/index.php\/wp-json\/wp\/v2\/posts\/1965\/revisions"}],"wp:attachment":[{"href":"https:\/\/medlow.pl\/index.php\/wp-json\/wp\/v2\/media?parent=1965"}],"wp:term":[{"taxonomy":"category","embeddable":true,"href":"https:\/\/medlow.pl\/index.php\/wp-json\/wp\/v2\/categories?post=1965"},{"taxonomy":"post_tag","embeddable":true,"href":"https:\/\/medlow.pl\/index.php\/wp-json\/wp\/v2\/tags?post=1965"}],"curies":[{"name":"wp","href":"https:\/\/api.w.org\/{rel}","templated":true}]}}