{"id":1941,"date":"2019-06-03T15:39:21","date_gmt":"2019-06-03T15:39:21","guid":{"rendered":"http:\/\/medlow.pl\/?p=1941"},"modified":"2019-06-03T15:39:21","modified_gmt":"2019-06-03T15:39:21","slug":"ogloszenia-parafialne-02-06-2019","status":"publish","type":"post","link":"https:\/\/medlow.pl\/index.php\/2019\/06\/03\/ogloszenia-parafialne-02-06-2019\/","title":{"rendered":"Og\u0142oszenia parafialne 02.06.2019"},"content":{"rendered":"\n<p>Wniebowst\u0105pienie Pa\u0144skie<br> Papieskie Intencje Apostolstwa Modlitwy na czerwiec 2019:<br> Intencja ewangelizacyjna: Za kap\u0142an\u00f3w, aby prowadz\u0105c wstrzemi\u0119\u017aliwe i pokorne \u017cycie, z zaanga\u017cowaniem okazywali aktywn\u0105 solidarno\u015b\u0107 najubo\u017cszym.<\/p>\n\n\n\n<!--more-->\n\n\n\n<p><br> Dzisiaj obchodzimy XII \u015awi\u0119to Dzi\u0119kczynienia prze\u017cywane pod has\u0142em: DZI\u0118KUJEMY ZA WIELKICH PASTERZY JANA PAW\u0141A II i PRYMASA STEFANA WYSZY\u0143SKIEGO. Przy tej okazji czyniona jest zbi\u00f3rka do puszek na budow\u0119 Centrum Opatrzno\u015bci Bo\u017cej &#8211; Wotum Narodu Polskiego. Ka\u017cdy mo\u017ce do\u0142o\u017cy\u0107 swoj\u0105 ma\u0142\u0105 cegie\u0142k\u0119 jako podzi\u0119kowanie za dobro, kt\u00f3re nas w \u017cyciu spotyka. Dzi\u0119kuj\u0119 serdecznie za ka\u017cdy dar na ten cel!<br> Dzisiaj modlimy si\u0119 przed Naj\u015bwi\u0119tszym Sakramentem i dokonamy zmiany Tajemnic \u017bywego R\u00f3\u017ca\u0144ca.<br> W czwartek, pierwszy czerwcowy, serdecznie zapraszam na Msz\u0119 \u015aw.  i po niej na Adoracj\u0119 Naj\u015bwi\u0119tszego Sakramentu w ciszy w obecno\u015bci relikwii \u015awi\u0119tej Ma\u0142ej Arabki.<br> W pi\u0105tek odwiedz\u0119 chorych z Naj\u015bwi\u0119tszym Sakramentem, a od 16.30 b\u0119dzie w ko\u015bciele okazja do spowiedzi.<br> W najbli\u017cszym czasie sprawowa\u0107 b\u0119dziemy Msze \u015bw. o urodzaje: dzisiaj w Wojkowicach o godz. 13.30, w Mnichowicach 09 VI o godz. 13.30, w Okrzeszycach 10 VI o godz. 18.00, w Turowie 11 VI o godz. 17.00 i w M\u0119d\u0142owie 15 VI o godz. 15.00..<br> Rada Rodzic\u00f3w, dyrekcja oraz nauczyciele Szko\u0142y Podstawowej w \u017b\u00f3rawinie zapraszaj\u0105 do udzia\u0142u w Festynie Rodzinnym, kt\u00f3ry odb\u0119dzie si\u0119 9 czerwca, w godzinach 12.00-17.00 w parku przy szkole. Organizatorzy zapewniaj\u0105 dobr\u0105 zabaw\u0119 oraz moc atrakcji zar\u00f3wno dla dzieci jak i doros\u0142ych.<br> Dzi\u0119kuj\u0119 za przygotowanie ko\u015bcio\u0142a Rodzinom z Wojkowic. Przed nast\u0119pn\u0105 niedziel\u0105 o posprz\u0105tanie i ukwiecenie ko\u015bcio\u0142a prosz\u0119 kolejnych mieszka\u0144c\u00f3w Wojkowic.<br> Dzi\u0119kuj\u0119 za przygotowanie kaplicy w Okrzeszycach.<br> Prosz\u0119 podejmowa\u0107 czerwcowe wydanie Nowego \u017bycia po\u015bwi\u0119cone kultowi Serca Jezusa!<br> Do \u015bwi\u0119tego zwi\u0105zku ma\u0142\u017ce\u0144skiego przygotowuj\u0105 si\u0119:<br> 4\/2019: Barbara Anna KARBOWSKA, panna, zam. w Wieruszowie i Damian Piotr \u015aWIETLIKOWSKI, kawaler, zam. w naszej Parafii.(2 VI)<br> 5\/2019: Joanna CHMIEL, panna z Wroc\u0142awia i Maciej Leszek ORLOF, kawaler z naszej Parafii (9 VI).<\/p>\n","protected":false},"excerpt":{"rendered":"<p>Wniebowst\u0105pienie Pa\u0144skie Papieskie Intencje Apostolstwa Modlitwy na czerwiec 2019: Intencja ewangelizacyjna: Za kap\u0142an\u00f3w, aby prowadz\u0105c wstrzemi\u0119\u017aliwe i pokorne \u017cycie, z zaanga\u017cowaniem okazywali aktywn\u0105 solidarno\u015b\u0107 najubo\u017cszym.<\/p>\n","protected":false},"author":1,"featured_media":0,"comment_status":"open","ping_status":"closed","sticky":false,"template":"","format":"standard","meta":{"_bbp_topic_count":0,"_bbp_reply_count":0,"_bbp_total_topic_count":0,"_bbp_total_reply_count":0,"_bbp_voice_count":0,"_bbp_anonymous_reply_count":0,"_bbp_topic_count_hidden":0,"_bbp_reply_count_hidden":0,"_bbp_forum_subforum_count":0,"ngg_post_thumbnail":0,"footnotes":""},"categories":[16],"tags":[],"class_list":["post-1941","post","type-post","status-publish","format-standard","hentry","category-ogloszenia-parafialne"],"_links":{"self":[{"href":"https:\/\/medlow.pl\/index.php\/wp-json\/wp\/v2\/posts\/1941","targetHints":{"allow":["GET"]}}],"collection":[{"href":"https:\/\/medlow.pl\/index.php\/wp-json\/wp\/v2\/posts"}],"about":[{"href":"https:\/\/medlow.pl\/index.php\/wp-json\/wp\/v2\/types\/post"}],"author":[{"embeddable":true,"href":"https:\/\/medlow.pl\/index.php\/wp-json\/wp\/v2\/users\/1"}],"replies":[{"embeddable":true,"href":"https:\/\/medlow.pl\/index.php\/wp-json\/wp\/v2\/comments?post=1941"}],"version-history":[{"count":0,"href":"https:\/\/medlow.pl\/index.php\/wp-json\/wp\/v2\/posts\/1941\/revisions"}],"wp:attachment":[{"href":"https:\/\/medlow.pl\/index.php\/wp-json\/wp\/v2\/media?parent=1941"}],"wp:term":[{"taxonomy":"category","embeddable":true,"href":"https:\/\/medlow.pl\/index.php\/wp-json\/wp\/v2\/categories?post=1941"},{"taxonomy":"post_tag","embeddable":true,"href":"https:\/\/medlow.pl\/index.php\/wp-json\/wp\/v2\/tags?post=1941"}],"curies":[{"name":"wp","href":"https:\/\/api.w.org\/{rel}","templated":true}]}}