{"id":1864,"date":"2019-05-26T21:15:18","date_gmt":"2019-05-26T21:15:18","guid":{"rendered":"http:\/\/medlow.pl\/?p=1864"},"modified":"2019-05-26T21:15:18","modified_gmt":"2019-05-26T21:15:18","slug":"ogloszenia-parafialne-26-05-2019","status":"publish","type":"post","link":"https:\/\/medlow.pl\/index.php\/2019\/05\/26\/ogloszenia-parafialne-26-05-2019\/","title":{"rendered":"Og\u0142oszenia parafialne 26.05.2019"},"content":{"rendered":"\n<p>VI Niedziela Wielkanocna<br> Z wdzi\u0119czno\u015bci\u0105 i mi\u0142o\u015bci\u0105 kierujemy dzi\u015b modlitwy i my\u015bli do naszych Mam w dniu ich \u015bwi\u0119ta! Niech dobry B\u00f3g wspiera je potrzebnymi \u0142askami, a zmar\u0142ym Mamom niech otworzy bramy Nieba!<br> Uczestniczymy dzi\u015b w wyborach do Parlamentu Europejskiego.<br> Dzisiaj o godz. 13.30 w Bogus\u0142awicach odprawi\u0119 Msz\u0119 \u015bw. o urodzaje, a za tydzie\u0144 w niedziel\u0119 2 VI o godz. 13.30 w Wojkowicach.<\/p>\n\n\n\n<!--more-->\n\n\n\n<p><\/p>\n\n\n\n<p><br> Od soboty 1 VI \/Dnia Dziecka\/ codziennie w czerwcu modlimy si\u0119 Litani\u0105 do NSPJ po Mszach \u015bw.: od poniedzia\u0142ku do pi\u0105tku o godz. 17-ej, w sobot\u0119 o godz. 9.00, a w niedziele po sumie o godz. 11.30.<br> W nast\u0119pn\u0105 niedziel\u0119, pod has\u0142em: DZI\u0118KUJEMY ZA WIELKICH PASTERZY JANA PAW\u0141A II i PRYMASA STEFANA WYSZY\u0143SKIEGO, prze\u017cyjemy XII \u015awi\u0119to Dzi\u0119kczynienia. Tegoroczne \u015awi\u0119to Dzi\u0119kczynienia odb\u0119dzie si\u0119 dok\u0142adnie w 40. rocznic\u0119 rozpocz\u0119cia pierwszej pielgrzymki Jana Paw\u0142a II do Ojczyzny. Jednocze\u015bnie \u017cyjemy w oczekiwaniu na og\u0142oszenie decyzji o beatyfikacji S\u0142ugi Bo\u017cego Stefana Wyszy\u0144skiego. Przy tej okazji odb\u0119dzie si\u0119 zbi\u00f3rka do puszek na budow\u0119 Centrum Opatrzno\u015bci Bo\u017cej &#8211; Wotum Narodu Polskiego. Ka\u017cdy mo\u017ce do\u0142o\u017cy\u0107 swoj\u0105 ma\u0142\u0105 cegie\u0142k\u0119. To b\u0119dzie podzi\u0119kowanie ka\u017cdego z nas za dobro, kt\u00f3re nas w \u017cyciu spotyka. Dzi\u0119kuj\u0119 serdecznie za ka\u017cdy dar na ten cel!<br> Za tydzie\u0144 w niedziel\u0119 pomodlimy si\u0119 przed Naj\u015bwi\u0119tszym Sakramentem i dokonamy zmiany Tajemnic \u017bywego R\u00f3\u017ca\u0144ca.<br> Dzi\u0119kuj\u0119 za przygotowanie ko\u015bcio\u0142a Parafianom z Wojkowic! Przed nast\u0119pn\u0105 niedziel\u0105 o posprz\u0105tanie i ukwiecenie ko\u015bcio\u0142a prosz\u0119 kolejnych mieszka\u0144c\u00f3w Wojkowic.<br> Dzi\u0119kuj\u0119 za przygotowanie kaplicy w Okrzeszycach.<br> Prosz\u0119 podejmowa\u0107 ostatnie wydanie Dobrych Nowin! Tu m.in. o niezwyk\u0142ym \u017cyciu \u015aw. Ma\u0142ej Arabki oraz o cierniu \u015aw. Rity, kt\u00f3rych relikwie s\u0105 po\u015br\u00f3d nas. <br> Do \u015bwi\u0119tego zwi\u0105zku ma\u0142\u017ce\u0144skiego przygotowuj\u0105 si\u0119:<br> 4\/2019: Barbara Anna KARBOWSKA, panna, zam. w Wieruszowie i Damian Piotr \u015aWIETLIKOWSKI, kawaler, zam. w naszej Parafii.(2 VI)<br> 5\/2019: Joanna CHMIEL, panna z Wroc\u0142awia i Maciej Leszek ORLOF, kawaler z naszej Parafii (9 VI).<br> W pi\u0105tek zmar\u0142 \u015bp. Kazimierz Szyszka z Ozorzyc. Jego pogrzeb sprawowany b\u0119dzie jutro o godz. 15.00 w kaplicy na nowym cmentarzu. Wieczne odpoczywanie racz mu da\u0107 Panie\u2026<\/p>\n","protected":false},"excerpt":{"rendered":"<p>VI Niedziela Wielkanocna Z wdzi\u0119czno\u015bci\u0105 i mi\u0142o\u015bci\u0105 kierujemy dzi\u015b modlitwy i my\u015bli do naszych Mam w dniu ich \u015bwi\u0119ta! Niech dobry B\u00f3g wspiera je potrzebnymi \u0142askami, a zmar\u0142ym Mamom niech otworzy bramy Nieba! Uczestniczymy dzi\u015b w wyborach do Parlamentu Europejskiego. Dzisiaj o godz. 13.30 w Bogus\u0142awicach odprawi\u0119 Msz\u0119 \u015bw. o urodzaje, a za tydzie\u0144 w&hellip; <br \/> <a class=\"read-more\" href=\"https:\/\/medlow.pl\/index.php\/2019\/05\/26\/ogloszenia-parafialne-26-05-2019\/\">Dowiedz si\u0119 wi\u0119cej<\/a><\/p>\n","protected":false},"author":1,"featured_media":0,"comment_status":"open","ping_status":"closed","sticky":false,"template":"","format":"standard","meta":{"_bbp_topic_count":0,"_bbp_reply_count":0,"_bbp_total_topic_count":0,"_bbp_total_reply_count":0,"_bbp_voice_count":0,"_bbp_anonymous_reply_count":0,"_bbp_topic_count_hidden":0,"_bbp_reply_count_hidden":0,"_bbp_forum_subforum_count":0,"ngg_post_thumbnail":0,"footnotes":""},"categories":[16],"tags":[],"class_list":["post-1864","post","type-post","status-publish","format-standard","hentry","category-ogloszenia-parafialne"],"_links":{"self":[{"href":"https:\/\/medlow.pl\/index.php\/wp-json\/wp\/v2\/posts\/1864","targetHints":{"allow":["GET"]}}],"collection":[{"href":"https:\/\/medlow.pl\/index.php\/wp-json\/wp\/v2\/posts"}],"about":[{"href":"https:\/\/medlow.pl\/index.php\/wp-json\/wp\/v2\/types\/post"}],"author":[{"embeddable":true,"href":"https:\/\/medlow.pl\/index.php\/wp-json\/wp\/v2\/users\/1"}],"replies":[{"embeddable":true,"href":"https:\/\/medlow.pl\/index.php\/wp-json\/wp\/v2\/comments?post=1864"}],"version-history":[{"count":0,"href":"https:\/\/medlow.pl\/index.php\/wp-json\/wp\/v2\/posts\/1864\/revisions"}],"wp:attachment":[{"href":"https:\/\/medlow.pl\/index.php\/wp-json\/wp\/v2\/media?parent=1864"}],"wp:term":[{"taxonomy":"category","embeddable":true,"href":"https:\/\/medlow.pl\/index.php\/wp-json\/wp\/v2\/categories?post=1864"},{"taxonomy":"post_tag","embeddable":true,"href":"https:\/\/medlow.pl\/index.php\/wp-json\/wp\/v2\/tags?post=1864"}],"curies":[{"name":"wp","href":"https:\/\/api.w.org\/{rel}","templated":true}]}}