{"id":1859,"date":"2019-05-18T21:15:16","date_gmt":"2019-05-18T21:15:16","guid":{"rendered":"http:\/\/medlow.pl\/?p=1859"},"modified":"2019-05-18T21:15:16","modified_gmt":"2019-05-18T21:15:16","slug":"ogloszenia-parafialne-19-05-2019","status":"publish","type":"post","link":"https:\/\/medlow.pl\/index.php\/2019\/05\/18\/ogloszenia-parafialne-19-05-2019\/","title":{"rendered":"Og\u0142oszenia parafialne 19.05.2019"},"content":{"rendered":"\n<p>V Niedziela Wielkanocna<br> Dzisiaj o godz. 13.30 w Zagr\u00f3dkach odprawi\u0119 Msz\u0119 \u015bw. o urodzaje, potem: w Ozorzycach w sobot\u0119 25 V o godz. 13.00 i w Bogus\u0142awicach w niedziel\u0119 26 V o godz. 13.30.<\/p>\n\n\n\n<!--more-->\n\n\n\n<p><br> W \u015brod\u0119 prze\u017cywa\u0107 b\u0119dziemy roczne wspomnienie \u015bmierci \u015bw. Rity \/Patronki od spraw trudnych i beznadziejnych\/. W obecno\u015bci Jej relikwii uczynimy Msz\u0119 \u015bw. i Nabo\u017ce\u0144stwo o godz. 18.00. Na przygotowanych kartkach prosz\u0119 wypisywa\u0107 intencje: pro\u015bby i podzi\u0119kowania, kt\u00f3re b\u0119dziemy omadla\u0107 w ko\u015bciele.<br> Zbli\u017ca si\u0119 Uroczysto\u015b\u0107 Bo\u017cego Cia\u0142a \/20 czerwca\/. Ju\u017c teraz prosz\u0119, by w tym roku o\u0142tarze na drodze procesji przygotowali: 1. Tur\u00f3w \/na pocz\u0105tku ul. Osiedlowej\/, 2. Wojkowice \/ na ko\u0144cu ul. Osiedlowej \/, 3. Mnichowice \/na pocz\u0105tku ul. Lipowej\/, 4. Ozorzyce \/ul. Lipowa, przy kapliczce\/.<br> Dzi\u0119kuj\u0119 za przygotowanie ko\u015bcio\u0142a Parafianom z M\u0119d\u0142owa. Przed nast\u0119pn\u0105 niedziel\u0105 o posprz\u0105tanie i ukwiecenie ko\u015bcio\u0142a prosz\u0119 ju\u017c mieszka\u0144c\u00f3w Wojkowic.<br> Dzi\u0119kuj\u0119 za przygotowanie kaplicy w Okrzeszycach.<br> Do \u015bwi\u0119tego zwi\u0105zku ma\u0142\u017ce\u0144skiego przygotowuj\u0105 si\u0119:<br> 4\/2019: Barbara Anna KARBOWSKA, panna, zam. w Wieruszowie i Damian Piotr \u015aWIETLIKOWSKI, kawaler, zam. w naszej Parafii.(2 VI)<\/p>\n","protected":false},"excerpt":{"rendered":"<p>V Niedziela Wielkanocna Dzisiaj o godz. 13.30 w Zagr\u00f3dkach odprawi\u0119 Msz\u0119 \u015bw. o urodzaje, potem: w Ozorzycach w sobot\u0119 25 V o godz. 13.00 i w Bogus\u0142awicach w niedziel\u0119 26 V o godz. 13.30.<\/p>\n","protected":false},"author":1,"featured_media":0,"comment_status":"open","ping_status":"closed","sticky":false,"template":"","format":"standard","meta":{"_bbp_topic_count":0,"_bbp_reply_count":0,"_bbp_total_topic_count":0,"_bbp_total_reply_count":0,"_bbp_voice_count":0,"_bbp_anonymous_reply_count":0,"_bbp_topic_count_hidden":0,"_bbp_reply_count_hidden":0,"_bbp_forum_subforum_count":0,"ngg_post_thumbnail":0,"footnotes":""},"categories":[16],"tags":[],"class_list":["post-1859","post","type-post","status-publish","format-standard","hentry","category-ogloszenia-parafialne"],"_links":{"self":[{"href":"https:\/\/medlow.pl\/index.php\/wp-json\/wp\/v2\/posts\/1859","targetHints":{"allow":["GET"]}}],"collection":[{"href":"https:\/\/medlow.pl\/index.php\/wp-json\/wp\/v2\/posts"}],"about":[{"href":"https:\/\/medlow.pl\/index.php\/wp-json\/wp\/v2\/types\/post"}],"author":[{"embeddable":true,"href":"https:\/\/medlow.pl\/index.php\/wp-json\/wp\/v2\/users\/1"}],"replies":[{"embeddable":true,"href":"https:\/\/medlow.pl\/index.php\/wp-json\/wp\/v2\/comments?post=1859"}],"version-history":[{"count":0,"href":"https:\/\/medlow.pl\/index.php\/wp-json\/wp\/v2\/posts\/1859\/revisions"}],"wp:attachment":[{"href":"https:\/\/medlow.pl\/index.php\/wp-json\/wp\/v2\/media?parent=1859"}],"wp:term":[{"taxonomy":"category","embeddable":true,"href":"https:\/\/medlow.pl\/index.php\/wp-json\/wp\/v2\/categories?post=1859"},{"taxonomy":"post_tag","embeddable":true,"href":"https:\/\/medlow.pl\/index.php\/wp-json\/wp\/v2\/tags?post=1859"}],"curies":[{"name":"wp","href":"https:\/\/api.w.org\/{rel}","templated":true}]}}