{"id":1856,"date":"2019-05-15T03:02:40","date_gmt":"2019-05-15T03:02:40","guid":{"rendered":"http:\/\/medlow.pl\/?p=1856"},"modified":"2019-05-15T03:02:40","modified_gmt":"2019-05-15T03:02:40","slug":"ogloszenia-parafialne-12-05-2019","status":"publish","type":"post","link":"https:\/\/medlow.pl\/index.php\/2019\/05\/15\/ogloszenia-parafialne-12-05-2019\/","title":{"rendered":"Og\u0142oszenia parafialne 12.05.2019"},"content":{"rendered":"\n<p>IV Niedziela Wielkanocna<br> Dzisiaj radujemy si\u0119 w naszej Parafii Uroczysto\u015bci\u0105 Rocznicy I Komunii \u015aw. 45-ga dzieci. W minion\u0105 niedziel\u0119 \u015bwi\u0119towali\u015bmy I Komuni\u0119 \u015awi\u0119t\u0105 23-orga dzieci. Bardzo dzi\u0119kuj\u0119 tym dzieciom i ich rodzicom za pi\u0119kne prze\u017cycie tej Uroczysto\u015bci, za wszystkie dzie\u0142a uczynione z tej okazji i za dar dla naszej Parafii \/za zakup kielicha mszalnego\/.<\/p>\n\n\n\n<!--more-->\n\n\n\n<p><br> Jutro obchodzimy wspomnienie objawie\u0144 fatimskich. Msza \u015aw. i Nabo\u017ce\u0144stwo Fatimskie sprawowa\u0107 b\u0119dziemy o godz. 17.00.<br> Dzi\u0119kuj\u0119 bardzo za przygotowanie naszego ko\u015bcio\u0142a rodzicom i dzieciom rocznicowym I-ej Komunii \u015bw. Dzi\u0119kuj\u0119 za ka\u017cde uczynione dobro i za dar na wymian\u0119 uszkodzonych rynien na dachu ko\u015bcio\u0142a! Dzi\u0119kuj\u0119 bardzo Pani Beacie za wykonane prace i sta\u0142y dy\u017cur w ko\u015bciele!<br> Kandydat\u00f3w do Bierzmowania zach\u0119cam do solidnego praktykowania swojej wiary. Najbli\u017csze spotkanie tej grupy odb\u0119dzie si\u0119 ju\u017c po wakacjach.<br> Przed nast\u0119pn\u0105 niedziel\u0105 o przygotowanie ko\u015bcio\u0142a prosz\u0119 Parafian z M\u0119d\u0142owa.<br> Dzi\u0119kuj\u0119 za przygotowanie kaplicy w Okrzeszycach.<br> Dzisiaj o godz. 14.00 w Bratowicach odprawi\u0119 Msz\u0119 \u015bw. o urodzaje, a za tydzie\u0144 19 V o godz. 13.30 pomodlimy si\u0119 tak w Zagr\u00f3dkach.<br> Powoli zbli\u017caj\u0105 si\u0119 wakacje. Nasza Parafia otrzyma\u0142a propozycj\u0119 przyj\u0119cia grupy dzieci z obwodu \u017bytomierskiego z Ukrainy w dniach: 5-15 VIII 2019 r. Przyjad\u0105 dwie osoby doros\u0142e i 21 dzieci \/5 ch\u0142opc\u00f3w i 16 dziewczynek\/. Ch\u0119tni, kt\u00f3rzy chcieliby go\u015bci\u0107 w swoich domach przyjezdnych \/ najlepiej po dwie osoby lub wi\u0119cej\/, umo\u017cliwiaj\u0105c noclegi oraz posi\u0142ki ranne i wieczorne mog\u0105 zg\u0142asza\u0107 si\u0119 do ks. proboszcza.<\/p>\n","protected":false},"excerpt":{"rendered":"<p>IV Niedziela Wielkanocna Dzisiaj radujemy si\u0119 w naszej Parafii Uroczysto\u015bci\u0105 Rocznicy I Komunii \u015aw. 45-ga dzieci. W minion\u0105 niedziel\u0119 \u015bwi\u0119towali\u015bmy I Komuni\u0119 \u015awi\u0119t\u0105 23-orga dzieci. Bardzo dzi\u0119kuj\u0119 tym dzieciom i ich rodzicom za pi\u0119kne prze\u017cycie tej Uroczysto\u015bci, za wszystkie dzie\u0142a uczynione z tej okazji i za dar dla naszej Parafii \/za zakup kielicha mszalnego\/.<\/p>\n","protected":false},"author":1,"featured_media":0,"comment_status":"open","ping_status":"closed","sticky":false,"template":"","format":"standard","meta":{"_bbp_topic_count":0,"_bbp_reply_count":0,"_bbp_total_topic_count":0,"_bbp_total_reply_count":0,"_bbp_voice_count":0,"_bbp_anonymous_reply_count":0,"_bbp_topic_count_hidden":0,"_bbp_reply_count_hidden":0,"_bbp_forum_subforum_count":0,"ngg_post_thumbnail":0,"footnotes":""},"categories":[16],"tags":[],"class_list":["post-1856","post","type-post","status-publish","format-standard","hentry","category-ogloszenia-parafialne"],"_links":{"self":[{"href":"https:\/\/medlow.pl\/index.php\/wp-json\/wp\/v2\/posts\/1856","targetHints":{"allow":["GET"]}}],"collection":[{"href":"https:\/\/medlow.pl\/index.php\/wp-json\/wp\/v2\/posts"}],"about":[{"href":"https:\/\/medlow.pl\/index.php\/wp-json\/wp\/v2\/types\/post"}],"author":[{"embeddable":true,"href":"https:\/\/medlow.pl\/index.php\/wp-json\/wp\/v2\/users\/1"}],"replies":[{"embeddable":true,"href":"https:\/\/medlow.pl\/index.php\/wp-json\/wp\/v2\/comments?post=1856"}],"version-history":[{"count":0,"href":"https:\/\/medlow.pl\/index.php\/wp-json\/wp\/v2\/posts\/1856\/revisions"}],"wp:attachment":[{"href":"https:\/\/medlow.pl\/index.php\/wp-json\/wp\/v2\/media?parent=1856"}],"wp:term":[{"taxonomy":"category","embeddable":true,"href":"https:\/\/medlow.pl\/index.php\/wp-json\/wp\/v2\/categories?post=1856"},{"taxonomy":"post_tag","embeddable":true,"href":"https:\/\/medlow.pl\/index.php\/wp-json\/wp\/v2\/tags?post=1856"}],"curies":[{"name":"wp","href":"https:\/\/api.w.org\/{rel}","templated":true}]}}