{"id":1842,"date":"2019-05-04T09:03:00","date_gmt":"2019-05-04T09:03:00","guid":{"rendered":"http:\/\/medlow.pl\/?p=1842"},"modified":"2019-05-04T09:03:00","modified_gmt":"2019-05-04T09:03:00","slug":"ogloszenia-parafialne-03-05-2019","status":"publish","type":"post","link":"https:\/\/medlow.pl\/index.php\/2019\/05\/04\/ogloszenia-parafialne-03-05-2019\/","title":{"rendered":"Og\u0142oszenia parafialne 03.05.2019 NMP Kr\u00f3lowej Polski"},"content":{"rendered":"\n<p> Prze\u017cywamy Uroczysto\u015b\u0107 NMP Kr\u00f3lowej Polski. Na Msze \u015bw. wg porz\u0105dku niedzielnego \/o godz. 8.30 i 11.30 w Turowie i o godz. 10.00 w Okrzeszycach\/ zapraszam wszystkich Parafian! <br> W sobot\u0119 o godz. 10.30 rozpocznie si\u0119 pr\u00f3ba Uroczysto\u015bci, a potem I-a spowied\u017a \u015bw. dzieci przed I-\u0105 Komuni\u0105 \u015bw.<\/p>\n\n\n\n<!--more-->\n\n\n\n<p><br> Codziennie uczestniczymy w Nabo\u017ce\u0144stwach Majowych w zwi\u0105zku ze sprawowanymi Mszami \u015bw. w Turowie: w soboty o godz. 9-ej, od poniedzia\u0142ku do pi\u0105tku o godz. 17-ej, a w niedziele i \u015bwi\u0119ta po sumie o godz. 11.30. Serdecznie zapraszam wszystkich do udzia\u0142u. Dzi\u0119kuj\u0119 Tym, kt\u00f3rzy na to Nabo\u017ce\u0144stwo przychodz\u0105 do kapliczek w poszczeg\u00f3lnych wsiach naszej Parafii!<br> W najbli\u017csz\u0105 niedziel\u0119 \/5 V\/ w naszej Parafii prze\u017cywa\u0107 b\u0119dziemy Uroczysto\u015b\u0107 I Komunii \u015aw. Bardzo prosz\u0119, by na Mszy \u015aw. o godz. 11.30 pozostawi\u0107 miejsca w \u0142awkach dla dzieci komunijnych i dla ich rodzin. Nabo\u017ce\u0144stwo Majowe z udzia\u0142em dzieci komunijnych odb\u0119dzie si\u0119 po Mszy o godz. 11.30.<br> W t\u0119 pierwsz\u0105 niedziel\u0119 maja na Mszach \u015bw. o godz. 8.30 i 10.00 pomodlimy si\u0119 przed Naj\u015bwi\u0119tszym Sakramentem, a po Mszy \u015aw. o 8.30 w Turowie i 10.00 w Okrzeszycach b\u0119dzie zmiana Tajemnic \u017bywego R\u00f3\u017ca\u0144ca.<br> Dzi\u0119kuj\u0119 za przyniesione mi jeszcze ofiary z M\u0119d\u0142owa na ubezpieczenie ko\u015bcio\u0142a w kwocie 410 z\u0142 i za te wp\u0142acone na konto Parafii!<br> Dzi\u0119kuj\u0119 przedwczorajszym nowo\u017ce\u0144com za przygotowanie ko\u015bcio\u0142a do dzisiejszej Uroczysto\u015bci! Wyra\u017cam serdeczn\u0105 wdzi\u0119czno\u015b\u0107 za rozebranie dekoracji \u015bwi\u0105tecznej w ko\u015bciele! Dzi\u0119kuj\u0119 bardzo Tatusiom dzieci pierwszokomunijnych za skoszenie trawy wok\u00f3\u0142 ko\u015bcio\u0142a i plebanii!<br> Przed niedziel\u0105 o posprz\u0105tanie i udekorowanie ko\u015bcio\u0142a prosz\u0119 rodzic\u00f3w dzieci komunijnych.<br> Zapraszam do podejmowania majowego wydania Nowego \u017bycia. <br> Wczoraj liturgi\u0105 pogrzebow\u0105 po\u017cegnali\u015bmy \u015bp. Stefana Sitkowskiego. Wieczne odpoczywanie racz mu da\u0107 Panie\u2026<\/p>\n","protected":false},"excerpt":{"rendered":"<p>Prze\u017cywamy Uroczysto\u015b\u0107 NMP Kr\u00f3lowej Polski. Na Msze \u015bw. wg porz\u0105dku niedzielnego \/o godz. 8.30 i 11.30 w Turowie i o godz. 10.00 w Okrzeszycach\/ zapraszam wszystkich Parafian! W sobot\u0119 o godz. 10.30 rozpocznie si\u0119 pr\u00f3ba Uroczysto\u015bci, a potem I-a spowied\u017a \u015bw. dzieci przed I-\u0105 Komuni\u0105 \u015bw.<\/p>\n","protected":false},"author":1,"featured_media":0,"comment_status":"open","ping_status":"closed","sticky":false,"template":"","format":"standard","meta":{"_bbp_topic_count":0,"_bbp_reply_count":0,"_bbp_total_topic_count":0,"_bbp_total_reply_count":0,"_bbp_voice_count":0,"_bbp_anonymous_reply_count":0,"_bbp_topic_count_hidden":0,"_bbp_reply_count_hidden":0,"_bbp_forum_subforum_count":0,"ngg_post_thumbnail":0,"footnotes":""},"categories":[16],"tags":[],"class_list":["post-1842","post","type-post","status-publish","format-standard","hentry","category-ogloszenia-parafialne"],"_links":{"self":[{"href":"https:\/\/medlow.pl\/index.php\/wp-json\/wp\/v2\/posts\/1842","targetHints":{"allow":["GET"]}}],"collection":[{"href":"https:\/\/medlow.pl\/index.php\/wp-json\/wp\/v2\/posts"}],"about":[{"href":"https:\/\/medlow.pl\/index.php\/wp-json\/wp\/v2\/types\/post"}],"author":[{"embeddable":true,"href":"https:\/\/medlow.pl\/index.php\/wp-json\/wp\/v2\/users\/1"}],"replies":[{"embeddable":true,"href":"https:\/\/medlow.pl\/index.php\/wp-json\/wp\/v2\/comments?post=1842"}],"version-history":[{"count":0,"href":"https:\/\/medlow.pl\/index.php\/wp-json\/wp\/v2\/posts\/1842\/revisions"}],"wp:attachment":[{"href":"https:\/\/medlow.pl\/index.php\/wp-json\/wp\/v2\/media?parent=1842"}],"wp:term":[{"taxonomy":"category","embeddable":true,"href":"https:\/\/medlow.pl\/index.php\/wp-json\/wp\/v2\/categories?post=1842"},{"taxonomy":"post_tag","embeddable":true,"href":"https:\/\/medlow.pl\/index.php\/wp-json\/wp\/v2\/tags?post=1842"}],"curies":[{"name":"wp","href":"https:\/\/api.w.org\/{rel}","templated":true}]}}