{"id":1838,"date":"2019-04-27T22:41:05","date_gmt":"2019-04-27T22:41:05","guid":{"rendered":"http:\/\/medlow.pl\/?p=1838"},"modified":"2019-04-27T22:41:05","modified_gmt":"2019-04-27T22:41:05","slug":"ogloszenia-parafialne-28-04-2019","status":"publish","type":"post","link":"https:\/\/medlow.pl\/index.php\/2019\/04\/27\/ogloszenia-parafialne-28-04-2019\/","title":{"rendered":"Og\u0142oszenia parafialne 28.04.2019"},"content":{"rendered":"\n<p>II Niedziela Wielkanocna<br> Prze\u017cywamy II Niedziel\u0119 Wielkanocn\u0105 \u2013 ostatni\u0105 w kwietniu.<br> Dzi\u015b w Niedziel\u0119 Mi\u0142osierdzia, rozpoczynaj\u0105c Tydzie\u0144 Mi\u0142osierdzia, czynimy zbi\u00f3rk\u0119 pieni\u0119\u017cn\u0105 \/r\u00f3wnie\u017c jako owoc ja\u0142mu\u017cny wielkopostnej\/ na rzecz leczenia os\u00f3b starszych.<\/p>\n\n\n\n<!--more-->\n\n\n\n<p><br> We wtorek o godz. 17.30 w ko\u015bciele na spotkanie zapraszam dzieci przed I Komuni\u0105 \u015bw., a w sobot\u0119 o godz. 10.30 rozpocznie si\u0119 I-a spowied\u017a \u015bw. dzieci i rodzic\u00f3w przed I-\u0105 Komuni\u0105 \u015bw.<br> Od \u015brody codziennie uczestniczymy w Nabo\u017ce\u0144stwach Majowych w zwi\u0105zku ze sprawowanymi Mszami \u015bw.: w soboty o godz. 9-ej, od poniedzia\u0142ku do pi\u0105tku o godz. 17-ej, a w niedziele i \u015bwi\u0119ta po sumie o godz. 11.30. Serdecznie zapraszam wszystkich do udzia\u0142u. W pi\u0105tek ju\u017c Uroczysto\u015b\u0107 NMP Kr\u00f3lowej Polski. Zapraszam na \u015bwi\u0105teczne Msze \u015aw. o godz. 8.30 i 11.30 w Turowie i o godz. 10.00 w Okrzeszycach.<br> Za tydzie\u0144 \/5 V\/ o godz. 11.30 w naszej Parafii prze\u017cywa\u0107 b\u0119dziemy Uroczysto\u015b\u0107 I Komunii \u015aw. Prosz\u0119 bardzo, by pozostawi\u0107 miejsca w \u0142awkach dla dzieci komunijnych i dla ich rodzin. Nabo\u017ce\u0144stwo Majowe z udzia\u0142em dzieci komunijnych odb\u0119dzie si\u0119 po Mszy \u015bw. godz. 11.30. W t\u0119 pierwsz\u0105 niedziel\u0119 maja na Mszach \u015bw. o godz. 8.30 \/w Turowie\/ i 10.00 \/w Okrzeszycach\/ pomodlimy si\u0119 przed Naj\u015bwi\u0119tszym Sakramentem, a po tych Mszach \u015aw. b\u0119dzie zmiana Tajemnic \u017bywego R\u00f3\u017ca\u0144ca.<br> Chorych odwiedz\u0119 w maju z Naj\u015bwi\u0119tszym Sakramentem w pierwszy czwartek majowy, tj. 2 V 2019 r. Prosz\u0119 poinformowa\u0107 o tym chorych naszej Parafii!<br> Niestety nikt z M\u0119d\u0142owa nie przyszed\u0142, aby posprz\u0105ta\u0107 ko\u015bci\u00f3\u0142 przed niedziel\u0105!  Przed nast\u0119pn\u0105 niedziel\u0105 o posprz\u0105tanie i udekorowanie ko\u015bcio\u0142a prosz\u0119 rodzic\u00f3w dzieci komunijnych.<br> Dzi\u0119kuj\u0119 za przygotowanie kaplicy w Okrzeszycach.<br> Prosz\u0119 podejmowa\u0107 ostatnie wydanie Dobrych Nowin.<br>     W czwartek liturgi\u0105 pogrzebow\u0105 po\u017cegnali\u015bmy \u015bp. Jerzego Bagi\u0144skiego z Turowa. W czwartek w Hajfie odby\u0142 si\u0119 pogrzeb 6-letniego \u015bp. Patryka Lipnickiego &#8211; syna przewodnika naszej grupy w Ziemi \u015awi\u0119tej, Pana Stanis\u0142awa. Wieczne odpoczywanie racz im da\u0107 Panie\u2026 .<\/p>\n","protected":false},"excerpt":{"rendered":"<p>II Niedziela Wielkanocna Prze\u017cywamy II Niedziel\u0119 Wielkanocn\u0105 \u2013 ostatni\u0105 w kwietniu. Dzi\u015b w Niedziel\u0119 Mi\u0142osierdzia, rozpoczynaj\u0105c Tydzie\u0144 Mi\u0142osierdzia, czynimy zbi\u00f3rk\u0119 pieni\u0119\u017cn\u0105 \/r\u00f3wnie\u017c jako owoc ja\u0142mu\u017cny wielkopostnej\/ na rzecz leczenia os\u00f3b starszych.<\/p>\n","protected":false},"author":1,"featured_media":0,"comment_status":"open","ping_status":"closed","sticky":false,"template":"","format":"standard","meta":{"_bbp_topic_count":0,"_bbp_reply_count":0,"_bbp_total_topic_count":0,"_bbp_total_reply_count":0,"_bbp_voice_count":0,"_bbp_anonymous_reply_count":0,"_bbp_topic_count_hidden":0,"_bbp_reply_count_hidden":0,"_bbp_forum_subforum_count":0,"ngg_post_thumbnail":0,"footnotes":""},"categories":[16],"tags":[],"class_list":["post-1838","post","type-post","status-publish","format-standard","hentry","category-ogloszenia-parafialne"],"_links":{"self":[{"href":"https:\/\/medlow.pl\/index.php\/wp-json\/wp\/v2\/posts\/1838","targetHints":{"allow":["GET"]}}],"collection":[{"href":"https:\/\/medlow.pl\/index.php\/wp-json\/wp\/v2\/posts"}],"about":[{"href":"https:\/\/medlow.pl\/index.php\/wp-json\/wp\/v2\/types\/post"}],"author":[{"embeddable":true,"href":"https:\/\/medlow.pl\/index.php\/wp-json\/wp\/v2\/users\/1"}],"replies":[{"embeddable":true,"href":"https:\/\/medlow.pl\/index.php\/wp-json\/wp\/v2\/comments?post=1838"}],"version-history":[{"count":0,"href":"https:\/\/medlow.pl\/index.php\/wp-json\/wp\/v2\/posts\/1838\/revisions"}],"wp:attachment":[{"href":"https:\/\/medlow.pl\/index.php\/wp-json\/wp\/v2\/media?parent=1838"}],"wp:term":[{"taxonomy":"category","embeddable":true,"href":"https:\/\/medlow.pl\/index.php\/wp-json\/wp\/v2\/categories?post=1838"},{"taxonomy":"post_tag","embeddable":true,"href":"https:\/\/medlow.pl\/index.php\/wp-json\/wp\/v2\/tags?post=1838"}],"curies":[{"name":"wp","href":"https:\/\/api.w.org\/{rel}","templated":true}]}}