{"id":1823,"date":"2019-04-21T23:28:51","date_gmt":"2019-04-21T23:28:51","guid":{"rendered":"http:\/\/medlow.pl\/?p=1823"},"modified":"2019-04-21T23:28:51","modified_gmt":"2019-04-21T23:28:51","slug":"ogloszenia-parafialne-21-04-2019-niedziela-wielkanocna","status":"publish","type":"post","link":"https:\/\/medlow.pl\/index.php\/2019\/04\/21\/ogloszenia-parafialne-21-04-2019-niedziela-wielkanocna\/","title":{"rendered":"Og\u0142oszenia parafialne 21.04.2019 Niedziela Wielkanocna"},"content":{"rendered":"\n<p>Niedziela Wielkanocna<br> Prze\u017cywamy radosn\u0105 Niedziel\u0119 Zmartwychwstania Pa\u0144skiego. Porz\u0105dek Mszy \u015bw.: o godz. 6.00, 11.30 w Turowie; w Okrzeszycach o godz. 10.00.<br> Jutro w Poniedzia\u0142ek Wielkanocny niedzielny porz\u0105dek Mszy \u015aw. \/o godz. 8.30, 11.30 i o 18.00 \/Nabo\u017ce\u0144stwo i Msza \u015aw. ku czci \u015bw. Rity\/ w Turowie; w Okrzeszycach o godz. 10.00\/ Tradycyjnie ju\u017c zbiera\u0107 b\u0119dziemy ofiary na rzecz Papieskiego Wydzia\u0142u Teologicznego we Wroc\u0142awiu. Us\u0142yszymy te\u017c list Ks. Rektora PWT.<\/p>\n\n\n\n<!--more Zobacz wi\u0119cej-->\n\n\n\n<p><br> Przysz\u0142a niedziela to Niedziela Mi\u0142osierdzia. Rozpoczynaj\u0105c Tydzie\u0144 Mi\u0142osierdzia uczynimy zbi\u00f3rk\u0119 pieni\u0119\u017cn\u0105 \/r\u00f3wnie\u017c jako owoc ja\u0142mu\u017cny wielkopostnej\/ na rzecz leczenia os\u00f3b starszych.<br> W \u015brod\u0119 na Mszy \u015aw. o godz. 17.00 w ko\u015bciele spotkaj\u0105 si\u0119 dzieci i rodzice dzieci prze\u017cywaj\u0105cych Rocznic\u0119 I Komunii \u015aw. Uroczysto\u015b\u0107 ta b\u0119dzie mia\u0142a miejsce 12-ego maja 2019 r. o godz. 11.30, a I Komunia \u015aw. tydzie\u0144 wcze\u015bniej: 5-ego maja 2019 r. o godz. 11.30. Dzieci przed I Komuni\u0105 \u015bw. maj\u0105 najbli\u017csze swoje spotkanie w ko\u015bciele we wtorek 30 IV 2019 r. o godz. 17.30.<br> W pi\u0105tek o godz. 17-ej w ko\u015bciele Wypominkami i Msz\u0105 \u015aw. pomodlimy si\u0119 za naszych \u015b.p. Zmar\u0142ych.<br> Dzi\u0119kuj\u0119 z g\u0142\u0119bi serca tym, kt\u00f3rzy podzielili si\u0119 dobrem i okazali mi ostatnio, z okazji Dnia Kap\u0142ana, wyrazy \u017cyczliwo\u015bci! Dzi\u0119kuj\u0119 za nades\u0142ane dobre \u017cyczenia \u015bwi\u0105teczne dla mnie i naszej Parafii!<br> Serdecznie dzi\u0119kuj\u0119 wszystkim, kt\u00f3rzy przy\u0142o\u017cyli serce i d\u0142onie w przygotowanie naszego ko\u015bcio\u0142a i kaplicy do \u015awi\u0105t Wielkanocnych \u2013 buduj\u0105cym O\u0142tarz Adoracji i O\u0142tarze przy Bo\u017cym Grobie; s\u0142u\u017cbie ko\u015bcielnej i muzycznej; szafarzom Komunii \u015aw., ceremoniarzom i ca\u0142ej S\u0142u\u017cbie O\u0142tarza, Pani z Ozorzyc za przygotowanie m\u0142odego zbo\u017ca w donicach; Panu z Turowa za rozpalenie ogniska, uczestnicz\u0105cym w procesji i nios\u0105cym sztandary i wszystkim innym.<br> Z serca dzi\u0119kuj\u0119 za posprz\u0105tanie ko\u015bcio\u0142a Parafianom z M\u0119d\u0142owa! W najbli\u017csz\u0105 sobot\u0119 prosz\u0119, by uczynili to kolejni Parafianie z M\u0119d\u0142owa.<br> Dzi\u0119kuj\u0119 bardzo za przygotowanie kaplicy w Okrzeszycach!<br> Wyra\u017cam wielk\u0105 wdzi\u0119czno\u015b\u0107 Tym, kt\u00f3rzy przed \u015awi\u0119tami przynie\u015bli dary dla ubogich z naszej Parafii, a w Wielkim Tygodniu dobra te przekazali potrzebuj\u0105cym osoby z parafialnej grupy Caritas.<br> Dzi\u0119kuj\u0119 jeszcze za ofiary na kwiaty i ubezpieczenie ko\u015bcio\u0142a: dary Turowa oraz osobom, kt\u00f3re dokona\u0142y wp\u0142aty na konto parafialne \/zw\u0142aszcza kilku osobom z M\u0119d\u0142owa\/!<br> Dzi\u0119kuj\u0119 tak\u017ce bardzo wszystkim ofiarodawcom za dary z\u0142o\u017cone przy okazji \u015bwi\u0119cenia pokarm\u00f3w na st\u00f3\u0142 wielkanocny i za \u015bwi\u0105teczne potrawy!<br> Chcia\u0142bym poinformowa\u0107, \u017ce w ubieg\u0142ym tygodniu trwa\u0142y prace na nowym cmentarzu, m.in. wyci\u0119to i usuni\u0119to usch\u0142e drzewa z terenu cmentarza. Dzi\u0119kuj\u0119 wykonawcom tych prac!<br> APEL PRZEWODNICZ\u0104CEGO KONFERENCJI EPISKOPATU POLSKI PO PO\u017bARZE KATEDRY NOTRE-DAME W PARY\u017bU<br> Ludzie na ca\u0142ym \u015bwiecie z przera\u017ceniem obserwowali zatrwa\u017caj\u0105cy obraz p\u0142on\u0105cej katedry Notre-Dame w Pary\u017cu. Przez wiele godzin wa\u017cy\u0142y si\u0119 losy serca Pary\u017ca, serca Francji i serca Europy. Powa\u017cnie zniszczona, ale ocalona paryska katedra, zjednoczy\u0142a w b\u00f3lu i smutku miliony ludzi na ca\u0142ym \u015bwiecie. Dzi\u015b jednoczy tak\u017ce nas, Polak\u00f3w, w inicjatywa wsparcia odbudowy katedry Notre-Dame, rozumianej nie tylko jako symbol bezcennego dziedzictwa kulturowego Europy, ale r\u00f3wnie\u017c jako symbol chrze\u015bcija\u0144skich warto\u015bci. Zwracam si\u0119 wi\u0119c najpierw do wszystkich Polak\u00f3w z apelem o pomoc materialn\u0105 w odbudowie katedry, kt\u00f3r\u0105 przeka\u017cemy za po\u015brednictwem akcji sms-owej oraz przez dobrowolne wp\u0142aty na konto Caritas Polska, pocz\u0105wszy od Wielkiej \u015arody. Zwracam si\u0119 r\u00f3wnie\u017c do wszystkich ochrzczonych, zw\u0142aszcza do tych, kt\u00f3rzy w ostatnich latach zapomnieli o swoim chrze\u015bcija\u0144skim powo\u0142aniu, aby na nowo odkryli Chrystusa i stali si\u0119 Jego odwa\u017cnymi \u015bwiadkami. W paschalnym czasie przechodzenia z Chrystusem ze smutku do rado\u015bci, z rozpaczy do nadziei, ze \u015bmierci do \u017cycia, z serca b\u0142ogos\u0142awi\u0119,<br> \u2720 STANIS\u0141AW G\u0104DECKI<br> Arcybiskup Metropolita Pozna\u0144ski<br> Przewodnicz\u0105cy Konferencji Episkopatu Polski<br> Wiceprzewodnicz\u0105cy Rady Konferencji Episkopat\u00f3w<br> Europy (CCEE)<br> Wp\u0142aty mo\u017cna dokonywa\u0107 na konto Caritas Polska 77 1160 2202 0000 0000 3436 4384 z dopiskiem ODBUDOWA oraz wysy\u0142aj\u0105c SMS na nr 72052 o tre\u015bci ODBUDOWA, koszt 2,46 z VAT.<br> Naszym Parafianom i przyby\u0142ym Go\u015bciom \u017cycz\u0119 radosnych \u015awi\u0105t Wielkanocnych i do\u015bwiadczenia wielu \u0142ask od Zmartwychwsta\u0142ego Chrystusa!<\/p>\n","protected":false},"excerpt":{"rendered":"<p>Niedziela Wielkanocna Prze\u017cywamy radosn\u0105 Niedziel\u0119 Zmartwychwstania Pa\u0144skiego. Porz\u0105dek Mszy \u015bw.: o godz. 6.00, 11.30 w Turowie; w Okrzeszycach o godz. 10.00. Jutro w Poniedzia\u0142ek Wielkanocny niedzielny porz\u0105dek Mszy \u015aw. \/o godz. 8.30, 11.30 i o 18.00 \/Nabo\u017ce\u0144stwo i Msza \u015aw. ku czci \u015bw. Rity\/ w Turowie; w Okrzeszycach o godz. 10.00\/ Tradycyjnie ju\u017c zbiera\u0107 b\u0119dziemy&hellip; <br \/> <a class=\"read-more\" href=\"https:\/\/medlow.pl\/index.php\/2019\/04\/21\/ogloszenia-parafialne-21-04-2019-niedziela-wielkanocna\/\">Dowiedz si\u0119 wi\u0119cej<\/a><\/p>\n","protected":false},"author":1,"featured_media":0,"comment_status":"open","ping_status":"closed","sticky":false,"template":"","format":"standard","meta":{"_bbp_topic_count":0,"_bbp_reply_count":0,"_bbp_total_topic_count":0,"_bbp_total_reply_count":0,"_bbp_voice_count":0,"_bbp_anonymous_reply_count":0,"_bbp_topic_count_hidden":0,"_bbp_reply_count_hidden":0,"_bbp_forum_subforum_count":0,"ngg_post_thumbnail":0,"footnotes":""},"categories":[16],"tags":[],"class_list":["post-1823","post","type-post","status-publish","format-standard","hentry","category-ogloszenia-parafialne"],"_links":{"self":[{"href":"https:\/\/medlow.pl\/index.php\/wp-json\/wp\/v2\/posts\/1823","targetHints":{"allow":["GET"]}}],"collection":[{"href":"https:\/\/medlow.pl\/index.php\/wp-json\/wp\/v2\/posts"}],"about":[{"href":"https:\/\/medlow.pl\/index.php\/wp-json\/wp\/v2\/types\/post"}],"author":[{"embeddable":true,"href":"https:\/\/medlow.pl\/index.php\/wp-json\/wp\/v2\/users\/1"}],"replies":[{"embeddable":true,"href":"https:\/\/medlow.pl\/index.php\/wp-json\/wp\/v2\/comments?post=1823"}],"version-history":[{"count":0,"href":"https:\/\/medlow.pl\/index.php\/wp-json\/wp\/v2\/posts\/1823\/revisions"}],"wp:attachment":[{"href":"https:\/\/medlow.pl\/index.php\/wp-json\/wp\/v2\/media?parent=1823"}],"wp:term":[{"taxonomy":"category","embeddable":true,"href":"https:\/\/medlow.pl\/index.php\/wp-json\/wp\/v2\/categories?post=1823"},{"taxonomy":"post_tag","embeddable":true,"href":"https:\/\/medlow.pl\/index.php\/wp-json\/wp\/v2\/tags?post=1823"}],"curies":[{"name":"wp","href":"https:\/\/api.w.org\/{rel}","templated":true}]}}