{"id":1818,"date":"2019-04-14T20:44:36","date_gmt":"2019-04-14T20:44:36","guid":{"rendered":"http:\/\/medlow.pl\/?p=1818"},"modified":"2019-04-14T20:44:36","modified_gmt":"2019-04-14T20:44:36","slug":"ogloszenia-parafialne-14-04-2019-niedziela-palmowa","status":"publish","type":"post","link":"https:\/\/medlow.pl\/index.php\/2019\/04\/14\/ogloszenia-parafialne-14-04-2019-niedziela-palmowa\/","title":{"rendered":"Og\u0142oszenia parafialne 14.04.2019 &#8211; Niedziela Palmowa"},"content":{"rendered":"\n<p><br> Prze\u017cywamy Niedziel\u0119 Palmow\u0105. Na Mszach \u015bw. \u015bwi\u0119cimy palmy.<br> Rozpocz\u0119ty Wielki Tydzie\u0144 bezpo\u015brednio przygotowuje nas do \u015awi\u0105t Wielkanocnych, tak\u017ce w wymiarze zewn\u0119trznym. Serdecznie dzi\u0119kuj\u0119 tym, kt\u00f3rzy trudz\u0105 si\u0119 przy przygotowaniu naszego ko\u015bcio\u0142a i kaplicy w Okrzeszycach, za czynione porz\u0105dki w poszczeg\u00f3lnych miejscowo\u015bciach, na cmentarzach i wok\u00f3\u0142 ko\u015bcio\u0142a.<\/p>\n\n\n\n<!--more-->\n\n\n\n<p><br> Dzi\u0119kuj\u0119 Tym, kt\u00f3rzy podj\u0119li praktyk\u0119 ja\u0142mu\u017cny wielkopostnej i przynie\u015bli produkty spo\u017cywcze dla ubo\u017cszych Parafian z Naszej Wsp\u00f3lnoty.<br> Dzi\u0119kuj\u0119 za sk\u0142adane ofiary na kwiaty do Bo\u017cego Grobu i na ubezpieczenie naszego ko\u015bcio\u0142a. <br> W minionym tygodniu trwa\u0142y prace zwi\u0105zane z wymian\u0105 rynien na ko\u015bciele. Za\u0142o\u017cono nowe, wzmocnione &#8211; o po\u0142ow\u0119 grubsze od starych, kt\u00f3re zabezpiecz\u0105 \u015bciany ko\u015bcio\u0142a przed zaciekaniem w czasie deszczu. Przy okazji uzupe\u0142niono ubytki dach\u00f3wek na ko\u015bciele, szkody powsta\u0142e po ostatnich wichurach. Bardzo dzi\u0119kuj\u0119 naszemu Radnemu i wykonawcom za trud solidnie wykonanie pracy.<br> Dzi\u0119kuj\u0119 serdecznie Parafianom z Mnichowic za nowy krzy\u017c misyjny, kt\u00f3ry wczoraj zamontowali przy wej\u015bciu do ko\u015bcio\u0142a \/stary by\u0142 ju\u017c bardzo zniszczony i grozi\u0142 upadkiem\/. Krzy\u017c ten po\u015bwi\u0119cimy na liturgii w Wielki Pi\u0105tek.<br> Wielk\u0105 wdzi\u0119czno\u015b\u0107 wyra\u017cam dla jednej rodziny z M\u0119d\u0142owa za podarowanie naszej Parafii szat liturgicznych, 8 komplet\u00f3w: kom\u017cy i peleryn!<br> We wtorek o godz. 17.30 w ko\u015bciele b\u0119d\u0105 mia\u0142y spotkanie dzieci przed I Komuni\u0105 \u015aw. Dzieci prze\u017cywaj\u0105ce Rocznic\u0119 I Komunii \u015aw. ju\u017c dzisiaj zapraszam na spotkanie zaraz po Wielkanocy \u2013 w \u015brod\u0119 24 kwietnia o godz. 17.30.<br> S\u0142u\u017cb\u0119 O\u0142tarza zapraszam na spotkanie do ko\u015bcio\u0142a w Wielki Czwartek o godz. 15.30.<br> W Wielk\u0105 \u015arod\u0119 w Turowie b\u0119dzie jeszcze okazja do spowiedzi po Mszy \u015aw. &#8211; do godz. 18.30. We Wroc\u0142awiu tak\u017ce mo\u017cna skorzysta\u0107 z tej mo\u017cliwo\u015bci w wielu ko\u015bcio\u0142ach w ramach Nocy Konfesjona\u0142\u00f3w (16\/17 kwietnia 2019 r.). Pocz\u0105tek w godzinach popo\u0142udniowo-wieczornych, zako\u0144czenie o 24.00.<br> Porz\u0105dek nabo\u017ce\u0144stw Triduum Paschalnego:<br> Wielki Czwartek: Okrzeszyce 16.45, Tur\u00f3w 18.00;<br> Wielki Pi\u0105tek\/obowi\u0105zuje nas post \u015bcis\u0142y!\/: Okrzeszyce &#8211; 16.45, Tur\u00f3w &#8211; 18.00. W Wielki Pi\u0105tek w Turowie o godz. 15.00 Koronka do Mi\u0142osierdzia Bo\u017cego i Droga Krzy\u017cowa; po liturgii wieczornej za\u015bpiewamy Gorzkie \u017bale.<br> Kuria Metropolitalna Wroc\u0142awska uprzejmie przypomina, \u017ce tradycyjne ofiary pieni\u0119\u017cne zebrane w Wielki Pi\u0105tek przeznaczone s\u0105 na wsparcie katolik\u00f3w w Ziemi \u015awi\u0119tej &#8211; Collecta pro Terra Santa.<br> Wielka Sobota w Turowie: Liturgia Wigilii Paschalnej z Procesj\u0105 Rezurekcyjn\u0105 o godz. 19.00. \/na nabo\u017ce\u0144stwo przynosimy \u015bwiece z ochron\u0105 przed kapaniem\/<br> W Wielkanoc Msze \u015bw.: w Turowie o godz. 6.00 i 11.30, a w Okrzeszycach o godz. 10.00.<br> Adoracja Naj\u015bwi\u0119tszego Sakramentu przy O\u0142tarzu Adoracji i w Bo\u017cym Grobie w Turowie:<br> Wielki Czwartek: po Mszy Wieczerzy Pa\u0144skiej do godz. 20.30;<br> Wielki Pi\u0105tek: od 9.00 do 12.30, od 15.30 do 18.00 i po Liturgii M\u0119ki Pa\u0144skiej do 20.30;<br> Wielka Sobota: od 10.00 do 13.00, od 17.00 do 19.00.; <br> W sobot\u0119 kancelaria parafialna b\u0119dzie czynna w godz.: 9.15-9.45.<br> \u015awi\u0119cenie pokarm\u00f3w na st\u00f3\u0142 wielkanocny w Wielk\u0105 Sobot\u0119:<br> Tur\u00f3w \/w ko\u015bciele\/ godz. 10.00<br> M\u0119d\u0142\u00f3w \/pod krzy\u017cem\/ godz. 10.15<br> Wojkowice \/przy kapliczce\/ godz. 10.30<br> Mnichowice \/pod krzy\u017cem\/ godz. 10.45<br> Okrzeszyce \/w kaplicy\/ godz. 11.00<br> Zagr\u00f3dki \/przy kapliczce\/ godz. 11.15<br> Bratowice \/przy kapliczce\/ godz. 11.30<br> Bogus\u0142awice \/ pod krzy\u017cem\/ godz. 11.45<br> Ozorzyce \/ przy kapliczce\/ godz. 12.00<br> Tur\u00f3w \/w ko\u015bciele\/ godz. 12.15, 12.50 i o 17.00.<br> Wielk\u0105 wdzi\u0119czno\u015b\u0107 wyra\u017cam tym wszystkim, kt\u00f3rzy przygotowali pi\u0119kne palmy na dzisiejsz\u0105 Uroczysto\u015b\u0107! Dzi\u0119kuj\u0119 uczestnikom grupy Caritas za przygotowanie palm, kt\u00f3re rozdaj\u0105 przed nabo\u017ce\u0144stwami \/dobrowolne ofiary przeznaczone s\u0105 na cele charytatywne\/.<br> Prosz\u0119 podejmowa\u0107 jeszcze do naszych dom\u00f3w paschaliki rozprowadzane w ramach Wielkanocnego Dzie\u0142a Pomocy Caritas 2019 \/14 z\u0142\/.<br> Z serca dzi\u0119kuj\u0119 za posprz\u0105tanie ko\u015bcio\u0142a Parafianom z M\u0119d\u0142owa! W Wielk\u0105 Sobot\u0119 prosz\u0119, by uczynili to jeszcze kolejni Parafianie z M\u0119d\u0142owa.<br> Dzi\u0119kuj\u0119 za posprz\u0105tanie kaplicy w Okrzeszycach.<br> Do \u015bwi\u0119tego zwi\u0105zku ma\u0142\u017ce\u0144skiego przygotowuj\u0105 si\u0119:<br> 2\/2019: El\u017cbieta MAMCZUR, rzym.-kat., zam. w Mnichowicach i Dariusz CHO\u0141ODECKI, rzym.-kat., zam. w Mnichowicach.(14 IV)<br> W minionym tygodniu liturgi\u0105 pogrzebow\u0105 po\u017cegnali\u015bmy: \u015bp. Jadwig\u0119 \u017bygad\u0142o z Mnichowic i \u015bp. Genowef\u0119 Gucw\u0119 z Bratowic. Wieczne odpoczywanie racz im da\u0107 Panie\u2026 .<\/p>\n","protected":false},"excerpt":{"rendered":"<p>Prze\u017cywamy Niedziel\u0119 Palmow\u0105. Na Mszach \u015bw. \u015bwi\u0119cimy palmy. Rozpocz\u0119ty Wielki Tydzie\u0144 bezpo\u015brednio przygotowuje nas do \u015awi\u0105t Wielkanocnych, tak\u017ce w wymiarze zewn\u0119trznym. Serdecznie dzi\u0119kuj\u0119 tym, kt\u00f3rzy trudz\u0105 si\u0119 przy przygotowaniu naszego ko\u015bcio\u0142a i kaplicy w Okrzeszycach, za czynione porz\u0105dki w poszczeg\u00f3lnych miejscowo\u015bciach, na cmentarzach i wok\u00f3\u0142 ko\u015bcio\u0142a.<\/p>\n","protected":false},"author":1,"featured_media":0,"comment_status":"open","ping_status":"closed","sticky":false,"template":"","format":"standard","meta":{"_bbp_topic_count":0,"_bbp_reply_count":0,"_bbp_total_topic_count":0,"_bbp_total_reply_count":0,"_bbp_voice_count":0,"_bbp_anonymous_reply_count":0,"_bbp_topic_count_hidden":0,"_bbp_reply_count_hidden":0,"_bbp_forum_subforum_count":0,"ngg_post_thumbnail":0,"footnotes":""},"categories":[16],"tags":[],"class_list":["post-1818","post","type-post","status-publish","format-standard","hentry","category-ogloszenia-parafialne"],"_links":{"self":[{"href":"https:\/\/medlow.pl\/index.php\/wp-json\/wp\/v2\/posts\/1818","targetHints":{"allow":["GET"]}}],"collection":[{"href":"https:\/\/medlow.pl\/index.php\/wp-json\/wp\/v2\/posts"}],"about":[{"href":"https:\/\/medlow.pl\/index.php\/wp-json\/wp\/v2\/types\/post"}],"author":[{"embeddable":true,"href":"https:\/\/medlow.pl\/index.php\/wp-json\/wp\/v2\/users\/1"}],"replies":[{"embeddable":true,"href":"https:\/\/medlow.pl\/index.php\/wp-json\/wp\/v2\/comments?post=1818"}],"version-history":[{"count":0,"href":"https:\/\/medlow.pl\/index.php\/wp-json\/wp\/v2\/posts\/1818\/revisions"}],"wp:attachment":[{"href":"https:\/\/medlow.pl\/index.php\/wp-json\/wp\/v2\/media?parent=1818"}],"wp:term":[{"taxonomy":"category","embeddable":true,"href":"https:\/\/medlow.pl\/index.php\/wp-json\/wp\/v2\/categories?post=1818"},{"taxonomy":"post_tag","embeddable":true,"href":"https:\/\/medlow.pl\/index.php\/wp-json\/wp\/v2\/tags?post=1818"}],"curies":[{"name":"wp","href":"https:\/\/api.w.org\/{rel}","templated":true}]}}