{"id":1808,"date":"2019-04-07T21:16:14","date_gmt":"2019-04-07T21:16:14","guid":{"rendered":"http:\/\/medlow.pl\/?p=1808"},"modified":"2019-04-07T21:16:14","modified_gmt":"2019-04-07T21:16:14","slug":"ogloszenia-parafialne-z-07-04-2019","status":"publish","type":"post","link":"https:\/\/medlow.pl\/index.php\/2019\/04\/07\/ogloszenia-parafialne-z-07-04-2019\/","title":{"rendered":"Og\u0142oszenia parafialne z 07.04.2019"},"content":{"rendered":"\n<p>V Niedziela Wielkiego Postu<br> Papieskie Intencje Apostolstwa Modlitwy na kwiecie\u0144 2019 r.:<br> Intencja powszechna: Za lekarzy i personel organizacji humanitarnych, przebywaj\u0105cych na obszarach obj\u0119tych wojn\u0105, kt\u00f3rzy ryzykuj\u0105 w\u0142asne \u017cycie, by ratowa\u0107 \u017cycie innych.<br> Prze\u017cywamy V Niedziel\u0119 Wielkiego Postu. Dzi\u0119kuj\u0119 wszystkim, kt\u00f3rzy w minionym tygodniu znale\u017ali czas i dobr\u0105 wol\u0119 by by\u0107 obecnymi na rekolekcjach wielkopostnych i przyst\u0105pi\u0107 do sakramentu pokuty i pojednania! Serdeczn\u0105 wdzi\u0119czno\u015b\u0107 wyra\u017cam wobec wszystkich, kt\u00f3rzy wspomogli w r\u00f3\u017cny spos\u00f3b prze\u017cycie tego \u015bwi\u0119tego czasu nawr\u00f3cenia!<\/p>\n\n\n\n<!--more-->\n\n\n\n<p><br> Od dzisiaj uczestniczymy w zwyczaju zas\u0142aniania krzy\u017cy i obraz\u00f3w w \u015bwi\u0105tyniach naszego kraju. Krzy\u017ce zostan\u0105 zas\u0142oni\u0119te do ko\u0144ca obrz\u0119d\u00f3w wielkopi\u0105tkowych, obrazy za\u015b do rozpocz\u0119cia Wigilii Paschalnej.<br> Za tydzie\u0144 ju\u017c Niedziela Palmowa. Prosz\u0119 przynie\u015b\u0107 ze sob\u0105 na Msze \u015bw. palmy. B\u0119dzie je te\u017c mo\u017cna podejmowa\u0107, za dobrowolna ofiar\u0105, od grupy parafialnej Caritas. Zbierzemy te\u017c wtedy owoce ja\u0142mu\u017cny wielkopostnej, kt\u00f3re pomog\u0105 w tym roku w leczeniu os\u00f3b starszych. Ofiary zebrane do skarbonek przyniesiemy do ko\u015bcio\u0142a. Dar ten b\u0119dzie mo\u017cna te\u017c z\u0142o\u017cy\u0107 do puszek przed ko\u015bcio\u0142em w II Niedziel\u0119 Wielkanocn\u0105 \u2013 Niedziel\u0119 Mi\u0142osierdzia.<br> M\u0142odzi, tak\u017ce z naszej Parafii, w przysz\u0142\u0105 niedziel\u0119 zaproszeni s\u0105 na Ostr\u00f3w Tumski we Wroc\u0142awiu od godz. 14.00 na Niedziel\u0119 M\u0142odych 2019. \u015awi\u0119to to b\u0119dzie prze\u017cywane z udzia\u0142em braci z Taiz\u00e9.<br> Pami\u0119tajmy, \u017ce za tydzie\u0144, w II-\u0105 niedziel\u0119 miesi\u0105ca podczas sumy o godz. 11.30 opiece Bo\u017cej i b\u0142ogos\u0142awie\u0144stwu polecimy dzieci, kt\u00f3re w tym miesi\u0105cu prze\u017cywaj\u0105 rocznic\u0119 Chrztu \u015bw., urodzin. Dzieci przed I Komuni\u0105 \u015aw. zapraszam na spotkanie tak\u017ce w najbli\u017cszy wtorek o godz. 17.30 do ko\u015bcio\u0142a.<br> Wyra\u017cam wielk\u0105 wdzi\u0119czno\u015b\u0107 dw\u00f3m Paniom, kt\u00f3re raz kolejny bezinteresownie wykona\u0142y ogrom pracy w ogrodzie i okolicach plebanii! Dzi\u0119kuj\u0119 naszemu Radnemu i Jego pracownikom za uczynione remonty w budynkach gospodarczych przy plebanii!<br> Dzi\u0119kuj\u0119 za sk\u0142adane ofiary na kwiaty do Bo\u017cego Grobu i na ubezpieczenie naszego ko\u015bcio\u0142a! Z Zagr\u00f3dek zebrano 710 z\u0142, z Bogus\u0142awic 599 z\u0142, a z Ozorzyc 2180 z\u0142.<br> Z serca dzi\u0119kuj\u0119 za posprz\u0105tanie ko\u015bcio\u0142a Parafianom z M\u0119d\u0142owa. Za tydzie\u0144 prosz\u0119 o to nadal rodziny z M\u0119d\u0142owa.<br> Ani Buczek dzi\u0119kuj\u0119 za posprz\u0105tanie kaplicy w Okrzeszycach.<br> Prosz\u0119 podejmowa\u0107 ostatnie wydanie Dobrych Nowin!<br> Do \u015bwi\u0119tego zwi\u0105zku ma\u0142\u017ce\u0144skiego przygotowuj\u0105 si\u0119:<br> 2\/2019: El\u017cbieta MAMCZUR, rzym.-kat., zam. w Mnichowicach i Dariusz CHO\u0141ODECKI, rzym.-kat., zam. w Mnichowicach.(14 IV)<br> 3\/2019: Joanna Natalia MAREK, rzym.-kat., zam. w M\u0119d\u0142owie i Tomasz Marek JAB\u0141O\u0143SKI, rzym.-kat., zam. w M\u0119d\u0142owie.(14 IV)<br> W \u015brod\u0119 pogrzebem po\u017cegnali\u015bmy \u015bp. Jolant\u0119 Zaborowsk\u0105. Wieczne odpoczywanie racz jej da\u0107 Panie\u2026<\/p>\n\n\n\n<p><\/p>\n","protected":false},"excerpt":{"rendered":"<p>V Niedziela Wielkiego Postu Papieskie Intencje Apostolstwa Modlitwy na kwiecie\u0144 2019 r.: Intencja powszechna: Za lekarzy i personel organizacji humanitarnych, przebywaj\u0105cych na obszarach obj\u0119tych wojn\u0105, kt\u00f3rzy ryzykuj\u0105 w\u0142asne \u017cycie, by ratowa\u0107 \u017cycie innych. Prze\u017cywamy V Niedziel\u0119 Wielkiego Postu. Dzi\u0119kuj\u0119 wszystkim, kt\u00f3rzy w minionym tygodniu znale\u017ali czas i dobr\u0105 wol\u0119 by by\u0107 obecnymi na rekolekcjach wielkopostnych&hellip; <br \/> <a class=\"read-more\" href=\"https:\/\/medlow.pl\/index.php\/2019\/04\/07\/ogloszenia-parafialne-z-07-04-2019\/\">Dowiedz si\u0119 wi\u0119cej<\/a><\/p>\n","protected":false},"author":1,"featured_media":0,"comment_status":"open","ping_status":"closed","sticky":false,"template":"","format":"standard","meta":{"_bbp_topic_count":0,"_bbp_reply_count":0,"_bbp_total_topic_count":0,"_bbp_total_reply_count":0,"_bbp_voice_count":0,"_bbp_anonymous_reply_count":0,"_bbp_topic_count_hidden":0,"_bbp_reply_count_hidden":0,"_bbp_forum_subforum_count":0,"ngg_post_thumbnail":0,"footnotes":""},"categories":[16],"tags":[],"class_list":["post-1808","post","type-post","status-publish","format-standard","hentry","category-ogloszenia-parafialne"],"_links":{"self":[{"href":"https:\/\/medlow.pl\/index.php\/wp-json\/wp\/v2\/posts\/1808","targetHints":{"allow":["GET"]}}],"collection":[{"href":"https:\/\/medlow.pl\/index.php\/wp-json\/wp\/v2\/posts"}],"about":[{"href":"https:\/\/medlow.pl\/index.php\/wp-json\/wp\/v2\/types\/post"}],"author":[{"embeddable":true,"href":"https:\/\/medlow.pl\/index.php\/wp-json\/wp\/v2\/users\/1"}],"replies":[{"embeddable":true,"href":"https:\/\/medlow.pl\/index.php\/wp-json\/wp\/v2\/comments?post=1808"}],"version-history":[{"count":0,"href":"https:\/\/medlow.pl\/index.php\/wp-json\/wp\/v2\/posts\/1808\/revisions"}],"wp:attachment":[{"href":"https:\/\/medlow.pl\/index.php\/wp-json\/wp\/v2\/media?parent=1808"}],"wp:term":[{"taxonomy":"category","embeddable":true,"href":"https:\/\/medlow.pl\/index.php\/wp-json\/wp\/v2\/categories?post=1808"},{"taxonomy":"post_tag","embeddable":true,"href":"https:\/\/medlow.pl\/index.php\/wp-json\/wp\/v2\/tags?post=1808"}],"curies":[{"name":"wp","href":"https:\/\/api.w.org\/{rel}","templated":true}]}}