{"id":1805,"date":"2019-04-01T07:35:43","date_gmt":"2019-04-01T07:35:43","guid":{"rendered":"http:\/\/medlow.pl\/?p=1805"},"modified":"2019-04-01T07:35:43","modified_gmt":"2019-04-01T07:35:43","slug":"ogloszenia-parafialne-31-03-2019","status":"publish","type":"post","link":"https:\/\/medlow.pl\/index.php\/2019\/04\/01\/ogloszenia-parafialne-31-03-2019\/","title":{"rendered":"Og\u0142oszenia parafialne 31.03.2019"},"content":{"rendered":"\n<p>IV Niedziela Wielkiego Postu<br> \u015awi\u0119tujemy dzisiaj IV Niedziel\u0119 Wielkiego Postu, niedziel\u0119 Laetare.<br> Od najbli\u017cszego czwartku do soboty prze\u017cyjemy Wielkopostne Rekolekcje Parafialne. Poprowadzi je Ksi\u0105dz Wikariusz Parafii p.w. \u015bw. J\u00f3zefa Oblubie\u0144ca NMP w \u017b\u00f3rawinie Ks. mgr Przemys\u0142aw PASTUCHA. Zach\u0119cam wszystkich do udzia\u0142u w naszych spotkaniach, by\u015bmy w tym czasie nawr\u00f3cenia i \u0142aski zbli\u017cyli si\u0119 do Boga i do siebie nawzajem! Za trud rekolekcyjny wdzi\u0119czno\u015b\u0107 ksi\u0119dzu Przemys\u0142awowi wyrazimy modlitw\u0105 i ofiarami sk\u0142adanymi na tac\u0119 podczas Mszy \u015aw. rekolekcyjnych.<br> W pi\u0105tek odwiedz\u0119 chorych z Naj\u015bwi\u0119tszym Sakramentem.<br> W nast\u0119pn\u0105 pierwsz\u0105 niedziel\u0119 kwietnia pomodlimy si\u0119 przed Naj\u015bwi\u0119tszym Sakramentem i uczynimy zmian\u0119 tajemnic \u017bywego R\u00f3\u017ca\u0144ca.<\/p>\n\n\n\n<!--more-->\n\n\n\n<p><br> Dzi\u0119kuj\u0119 za sk\u0142adane ofiary na kwiaty do Bo\u017cego Grobu i na ubezpieczenie naszego ko\u015bcio\u0142a.<br> S\u0105 jeszcze do nabycia, w cenie 14 z\u0142, du\u017ce paschaliki z og\u00f3lnopolskiej akcji Wielkanocne Dzie\u0142o Caritas. <br> Z serca dzi\u0119kuj\u0119 za posprz\u0105tanie ko\u015bcio\u0142a i ofiar\u0119 100 z\u0142 Parafianom z M\u0119d\u0142owa. Za tydzie\u0144 prosz\u0119 o to nadal rodziny z M\u0119d\u0142owa.<br> Dzi\u0119kuj\u0119 za przygotowanie kaplicy w Okrzeszycach. <br> Zach\u0119cam do podejmowania kwietniowego wydania Nowego \u017bycia!<br> Do \u015bwi\u0119tego zwi\u0105zku ma\u0142\u017ce\u0144skiego przygotowuj\u0105 si\u0119:<br> 2\/2019: El\u017cbieta MAMCZUR, zam. w Mnichowicach i Dariusz CHO\u0141ODECKI, zam. w Mnichowicach.(14 IV)<br> 3\/2019: Joanna Natalia MAREK, zam. w M\u0119d\u0142owie i Tomasz Marek JAB\u0141O\u0143SKI, zam. w M\u0119d\u0142owie.(14 IV)<\/p>\n","protected":false},"excerpt":{"rendered":"<p>IV Niedziela Wielkiego Postu \u015awi\u0119tujemy dzisiaj IV Niedziel\u0119 Wielkiego Postu, niedziel\u0119 Laetare. Od najbli\u017cszego czwartku do soboty prze\u017cyjemy Wielkopostne Rekolekcje Parafialne. Poprowadzi je Ksi\u0105dz Wikariusz Parafii p.w. \u015bw. J\u00f3zefa Oblubie\u0144ca NMP w \u017b\u00f3rawinie Ks. mgr Przemys\u0142aw PASTUCHA. Zach\u0119cam wszystkich do udzia\u0142u w naszych spotkaniach, by\u015bmy w tym czasie nawr\u00f3cenia i \u0142aski zbli\u017cyli si\u0119 do Boga&hellip; <br \/> <a class=\"read-more\" href=\"https:\/\/medlow.pl\/index.php\/2019\/04\/01\/ogloszenia-parafialne-31-03-2019\/\">Dowiedz si\u0119 wi\u0119cej<\/a><\/p>\n","protected":false},"author":1,"featured_media":0,"comment_status":"open","ping_status":"closed","sticky":false,"template":"","format":"standard","meta":{"_bbp_topic_count":0,"_bbp_reply_count":0,"_bbp_total_topic_count":0,"_bbp_total_reply_count":0,"_bbp_voice_count":0,"_bbp_anonymous_reply_count":0,"_bbp_topic_count_hidden":0,"_bbp_reply_count_hidden":0,"_bbp_forum_subforum_count":0,"ngg_post_thumbnail":0,"footnotes":""},"categories":[16],"tags":[],"class_list":["post-1805","post","type-post","status-publish","format-standard","hentry","category-ogloszenia-parafialne"],"_links":{"self":[{"href":"https:\/\/medlow.pl\/index.php\/wp-json\/wp\/v2\/posts\/1805","targetHints":{"allow":["GET"]}}],"collection":[{"href":"https:\/\/medlow.pl\/index.php\/wp-json\/wp\/v2\/posts"}],"about":[{"href":"https:\/\/medlow.pl\/index.php\/wp-json\/wp\/v2\/types\/post"}],"author":[{"embeddable":true,"href":"https:\/\/medlow.pl\/index.php\/wp-json\/wp\/v2\/users\/1"}],"replies":[{"embeddable":true,"href":"https:\/\/medlow.pl\/index.php\/wp-json\/wp\/v2\/comments?post=1805"}],"version-history":[{"count":0,"href":"https:\/\/medlow.pl\/index.php\/wp-json\/wp\/v2\/posts\/1805\/revisions"}],"wp:attachment":[{"href":"https:\/\/medlow.pl\/index.php\/wp-json\/wp\/v2\/media?parent=1805"}],"wp:term":[{"taxonomy":"category","embeddable":true,"href":"https:\/\/medlow.pl\/index.php\/wp-json\/wp\/v2\/categories?post=1805"},{"taxonomy":"post_tag","embeddable":true,"href":"https:\/\/medlow.pl\/index.php\/wp-json\/wp\/v2\/tags?post=1805"}],"curies":[{"name":"wp","href":"https:\/\/api.w.org\/{rel}","templated":true}]}}