{"id":1781,"date":"2019-03-20T21:34:50","date_gmt":"2019-03-20T21:34:50","guid":{"rendered":"http:\/\/medlow.pl\/?p=1781"},"modified":"2019-03-20T21:34:50","modified_gmt":"2019-03-20T21:34:50","slug":"rekolekcje-wielkopostne-2","status":"publish","type":"post","link":"https:\/\/medlow.pl\/index.php\/2019\/03\/20\/rekolekcje-wielkopostne-2\/","title":{"rendered":"Rekolekcje Wielkopostne"},"content":{"rendered":"\n<p>REKOLEKCJE WIELKPOSTNE<br> W PARAFII p.w. Narodzenia NMP w TUROWIE:<br> 04 &#8211; 06 IV 2019 r.<\/p>\n\n\n\n<p>Rekolekcje prowadzi <br> Ks. mgr Przemys\u0142aw PASTUCHA<br> \u2013 Wikariusz Rzym.-Kat. Parafii pw. \u015bw. J\u00f3zefa Oblubie\u0144ca NMP w \u017b\u00f3rawinie<\/p>\n\n\n\n<!--more-->\n\n\n\n<p>CZWARTEK \u2013 04 IV 2019 r.<\/p>\n\n\n\n<p>9.00. \u2013 Msza \u015bw. z nauk\u0105 og\u00f3ln\u0105 dla wszystkich \/Tur\u00f3w\/<br>\n16.00. \u2013Spotkanie rekolekcyjne dla dzieci \/Tur\u00f3w\/<br>\n16.45. \u2013 Droga Krzy\u017cowa \/Okrzeszyce\/<br>\n17.00. \u2013 Msza \u015bw. z nauk\u0105 og\u00f3ln\u0105 dla wszystkich \/Okrzeszyce\/<br>\n18.00. \u2013 Msza \u015bw. z nauk\u0105 og\u00f3ln\u0105 dla wszystkich \/Tur\u00f3w\/<\/p>\n\n\n\n<p>PI\u0104TEK \u2013 05 IV 2019 r.<\/p>\n\n\n\n<p>9.00. \u2013 Msza \u015bw. z nauk\u0105 og\u00f3ln\u0105 dla wszystkich \/Tur\u00f3w\/<br>\n16.00. \u2013Spotkanie rekolekcyjne dla dzieci \/Tur\u00f3w\/<br>\n17.00. \u2013 Msza \u015bw. z nauk\u0105 og\u00f3ln\u0105 dla wszystkich \/Okrzeszyce\/<br>\n17.45. \u2013 Droga Krzy\u017cowa \/Tur\u00f3w\/<br>\n18.00. \u2013 Msza \u015bw. z nauk\u0105 og\u00f3ln\u0105 dla wszystkich \/Tur\u00f3w\/<br>\n19.00 &#8211; Spotkanie rekolekcyjne dla m\u0142odzie\u017cy \/Tur\u00f3w\/<\/p>\n\n\n\n<p>SOBOTA \u2013 06 IV 2019 r.<br>\nDzie\u0144 Spowiedzi \u015aw. i zako\u0144czenie Rekolekcji \u015awi\u0119tych<\/p>\n\n\n\n<p>8.00. \u2013 9.00. \u2013 SPOWIED\u0179 \u015aW. \/Tur\u00f3w\/<br>\n  9.00. \u2013 Msza \u015bw. z nauk\u0105 og\u00f3ln\u0105 dla wszystkich na zako\u0144czenie rekolekcji \/Tur\u00f3w\/<br>\n10.30. \u2013 11.00 &#8211; SPOWIED\u0179 \u015aW. \/Okrzeszyce\/<br>\n11.00. \u2013 Msza \u015bw. z nauk\u0105 og\u00f3ln\u0105 dla wszystkich na zako\u0144czenie rekolekcji \/Okrzeszyce\/<br>\n15.30. \u2013 Spotkanie rekolekcyjne dla dzieci \/Tur\u00f3w\/<br>\n16.00. \u2013 17.00 -SPOWIED\u0179 \u015aW. \/Tur\u00f3w\/<br>\n17.00. \u2013 Msza \u015bw. z nauk\u0105 og\u00f3ln\u0105 dla wszystkich na zako\u0144czenie rekolekcji \/Tur\u00f3w\/<\/p>\n","protected":false},"excerpt":{"rendered":"<p>REKOLEKCJE WIELKPOSTNE W PARAFII p.w. Narodzenia NMP w TUROWIE: 04 &#8211; 06 IV 2019 r. Rekolekcje prowadzi Ks. mgr Przemys\u0142aw PASTUCHA \u2013 Wikariusz Rzym.-Kat. Parafii pw. \u015bw. J\u00f3zefa Oblubie\u0144ca NMP w \u017b\u00f3rawinie<\/p>\n","protected":false},"author":1,"featured_media":0,"comment_status":"open","ping_status":"closed","sticky":false,"template":"","format":"standard","meta":{"_bbp_topic_count":0,"_bbp_reply_count":0,"_bbp_total_topic_count":0,"_bbp_total_reply_count":0,"_bbp_voice_count":0,"_bbp_anonymous_reply_count":0,"_bbp_topic_count_hidden":0,"_bbp_reply_count_hidden":0,"_bbp_forum_subforum_count":0,"ngg_post_thumbnail":0,"footnotes":""},"categories":[16],"tags":[],"class_list":["post-1781","post","type-post","status-publish","format-standard","hentry","category-ogloszenia-parafialne"],"_links":{"self":[{"href":"https:\/\/medlow.pl\/index.php\/wp-json\/wp\/v2\/posts\/1781","targetHints":{"allow":["GET"]}}],"collection":[{"href":"https:\/\/medlow.pl\/index.php\/wp-json\/wp\/v2\/posts"}],"about":[{"href":"https:\/\/medlow.pl\/index.php\/wp-json\/wp\/v2\/types\/post"}],"author":[{"embeddable":true,"href":"https:\/\/medlow.pl\/index.php\/wp-json\/wp\/v2\/users\/1"}],"replies":[{"embeddable":true,"href":"https:\/\/medlow.pl\/index.php\/wp-json\/wp\/v2\/comments?post=1781"}],"version-history":[{"count":0,"href":"https:\/\/medlow.pl\/index.php\/wp-json\/wp\/v2\/posts\/1781\/revisions"}],"wp:attachment":[{"href":"https:\/\/medlow.pl\/index.php\/wp-json\/wp\/v2\/media?parent=1781"}],"wp:term":[{"taxonomy":"category","embeddable":true,"href":"https:\/\/medlow.pl\/index.php\/wp-json\/wp\/v2\/categories?post=1781"},{"taxonomy":"post_tag","embeddable":true,"href":"https:\/\/medlow.pl\/index.php\/wp-json\/wp\/v2\/tags?post=1781"}],"curies":[{"name":"wp","href":"https:\/\/api.w.org\/{rel}","templated":true}]}}