{"id":1774,"date":"2019-03-19T05:47:09","date_gmt":"2019-03-19T05:47:09","guid":{"rendered":"http:\/\/medlow.pl\/?p=1774"},"modified":"2019-03-19T05:47:09","modified_gmt":"2019-03-19T05:47:09","slug":"ogloszenia-parafialne-17-03-2019","status":"publish","type":"post","link":"https:\/\/medlow.pl\/index.php\/2019\/03\/19\/ogloszenia-parafialne-17-03-2019\/","title":{"rendered":"Og\u0142oszenia parafialne 17.03.2019"},"content":{"rendered":"\n<p>II Niedziela Wielkiego Postu<br> w Ko\u015bciele w Polsce jest prze\u017cywana jako Dzie\u0144 Modlitwy, Postu i Solidarno\u015bci z Misjonarzami. W tym roku obchodzimy j\u0105 pod has\u0142em \u201eMisjonarze moc\u0105 Ducha\u201d. Ofiary zbierane tego dnia do puszek s\u0105 przeznaczone na pomoc polskim misjonarzom za po\u015brednictwem Dzie\u0142a Pomocy \u201eAd Gentes\u201d.<br> We wtorek ju\u017c Uroczysto\u015b\u0107 \u015bw. J\u00f3zefa Oblubie\u0144ca NMP. Sk\u0142adam najserdeczniejsze \u017cyczenia opieki Bo\u017cej i wstawiennictwa \u015aw. Patrona dla wszystkich Solenizant\u00f3w!<\/p>\n\n\n\n<!--more-->\n\n\n\n<p><br> W najbli\u017cszy pi\u0105tek \/22 III\/ po raz kolejny w naszej Parafii prze\u017cywa\u0107 b\u0119dziemy miesi\u0119czne wspomnienie \u015bw. Rity \/Patronki od spraw trudnych i beznadziejnych\/. W obecno\u015bci Jej relikwii uczynimy Msz\u0119 \u015bw. i Nabo\u017ce\u0144stwo o godz. 18.00. Na przygotowanych kartkach prosz\u0119 wypisywa\u0107 intencje: pro\u015bby i podzi\u0119kowania, kt\u00f3re b\u0119dziemy omadla\u0107 w ko\u015bciele. Drog\u0119 Krzy\u017cow\u0105 przemodlimy o godz. 17.30.<br> W sobot\u0119 o godzinie 16.00 w sali katechetycznej przy plebanii odb\u0119d\u0105 si\u0119 kolejne warsztaty. Ponadto od godziny 15.00 w sobot\u0119 w sali katechetycznej b\u0119dzie mo\u017cna skorzysta\u0107 z pomocy przy sporz\u0105dzeniu rozliczenia rocznego do urz\u0119du skarbowego.<br> S\u0105 jeszcze do nabycia, w cenie 6 i 14 z\u0142, paschaliki z og\u00f3lnopolskiej akcji Wielkanocne Dzie\u0142o Caritas.<br> W czwartek na godz. 18.40 na plebani\u0119 zapraszam na spotkanie Radnych naszej Parafii oraz So\u0142tys\u00f3w.<br> W kwietniu, od 4 do 6 IV, zapraszam do uczestnictwa w naszych parafialnych Rekolekcjach Wielkopostnych, kt\u00f3re poprowadzi Wikariusz Parafii p.w. \u015bw. J\u00f3zefa Oblubie\u0144ca NMP w \u017b\u00f3rawinie Ks. mgr Przemys\u0142aw PASTUCHA.<br> Dzisiaj zach\u0119cam do podejmowania tygodnika NIEDZIELA, traktuj\u0105cego o aktualnych sprawach Ko\u015bcio\u0142a i wiary, miedzy innymi o Niezawodnym \u015aw. J\u00f3zefie, a tak\u017ce relacja z \u017b\u00f3rawiny z przekazania 7 tys. euro na zakup ci\u0105gnika dla rodzin syryjskich, w czym nasza Parafia mia\u0142a te\u017c sw\u00f3j udzia\u0142.<br> Z serca dzi\u0119kuj\u0119 za posprz\u0105tanie ko\u015bcio\u0142a i ofiar\u0119 100 z\u0142 Parafianom z M\u0119d\u0142owa. Za tydzie\u0144 prosz\u0119 o to nadal rodziny z M\u0119d\u0142owa.<br> Dzi\u0119kuj\u0119 za przygotowanie kaplicy w Okrzeszycach.<br> 1\/2019: Karolina Monika Wi\u0119cek, zam. w Parafii w Turowie i Pawe\u0142 \u0141ukasz Kra\u015bniak, zam. w Parafii w Podgrodziu.(17 III)<br> W minionym tygodniu pogrzebem po\u017cegnali\u015bmy \u015bp. Hildegard\u0119 Sobczak. Wieczne odpoczywanie racz jej da\u0107 Panie\u2026<\/p>\n\n\n\n<p><\/p>\n","protected":false},"excerpt":{"rendered":"<p>II Niedziela Wielkiego Postu w Ko\u015bciele w Polsce jest prze\u017cywana jako Dzie\u0144 Modlitwy, Postu i Solidarno\u015bci z Misjonarzami. W tym roku obchodzimy j\u0105 pod has\u0142em \u201eMisjonarze moc\u0105 Ducha\u201d. Ofiary zbierane tego dnia do puszek s\u0105 przeznaczone na pomoc polskim misjonarzom za po\u015brednictwem Dzie\u0142a Pomocy \u201eAd Gentes\u201d. We wtorek ju\u017c Uroczysto\u015b\u0107 \u015bw. J\u00f3zefa Oblubie\u0144ca NMP. Sk\u0142adam&hellip; <br \/> <a class=\"read-more\" href=\"https:\/\/medlow.pl\/index.php\/2019\/03\/19\/ogloszenia-parafialne-17-03-2019\/\">Dowiedz si\u0119 wi\u0119cej<\/a><\/p>\n","protected":false},"author":1,"featured_media":0,"comment_status":"open","ping_status":"closed","sticky":false,"template":"","format":"standard","meta":{"_bbp_topic_count":0,"_bbp_reply_count":0,"_bbp_total_topic_count":0,"_bbp_total_reply_count":0,"_bbp_voice_count":0,"_bbp_anonymous_reply_count":0,"_bbp_topic_count_hidden":0,"_bbp_reply_count_hidden":0,"_bbp_forum_subforum_count":0,"ngg_post_thumbnail":0,"footnotes":""},"categories":[16],"tags":[],"class_list":["post-1774","post","type-post","status-publish","format-standard","hentry","category-ogloszenia-parafialne"],"_links":{"self":[{"href":"https:\/\/medlow.pl\/index.php\/wp-json\/wp\/v2\/posts\/1774","targetHints":{"allow":["GET"]}}],"collection":[{"href":"https:\/\/medlow.pl\/index.php\/wp-json\/wp\/v2\/posts"}],"about":[{"href":"https:\/\/medlow.pl\/index.php\/wp-json\/wp\/v2\/types\/post"}],"author":[{"embeddable":true,"href":"https:\/\/medlow.pl\/index.php\/wp-json\/wp\/v2\/users\/1"}],"replies":[{"embeddable":true,"href":"https:\/\/medlow.pl\/index.php\/wp-json\/wp\/v2\/comments?post=1774"}],"version-history":[{"count":0,"href":"https:\/\/medlow.pl\/index.php\/wp-json\/wp\/v2\/posts\/1774\/revisions"}],"wp:attachment":[{"href":"https:\/\/medlow.pl\/index.php\/wp-json\/wp\/v2\/media?parent=1774"}],"wp:term":[{"taxonomy":"category","embeddable":true,"href":"https:\/\/medlow.pl\/index.php\/wp-json\/wp\/v2\/categories?post=1774"},{"taxonomy":"post_tag","embeddable":true,"href":"https:\/\/medlow.pl\/index.php\/wp-json\/wp\/v2\/tags?post=1774"}],"curies":[{"name":"wp","href":"https:\/\/api.w.org\/{rel}","templated":true}]}}