{"id":1728,"date":"2019-03-11T19:41:24","date_gmt":"2019-03-11T19:41:24","guid":{"rendered":"http:\/\/medlow.pl\/?p=1728"},"modified":"2019-03-11T19:41:24","modified_gmt":"2019-03-11T19:41:24","slug":"ogloszenia-parafialne-10-03-2019","status":"publish","type":"post","link":"https:\/\/medlow.pl\/index.php\/2019\/03\/11\/ogloszenia-parafialne-10-03-2019\/","title":{"rendered":"Og\u0142oszenia parafialne 10.03.2019"},"content":{"rendered":"<p>I Niedziela Wielkiego Postu<br \/>\nW Wielkim Po\u015bcie zapraszam do udzia\u0142u w nabo\u017ce\u0144stwach wielkopostnych: Drodze Krzy\u017cowej: w Turowie w pi\u0105tki o godz. 17-ej i Gorzkich \u017bali w Turowie w niedziele po sumie, w Okrzeszycach po Mszy \u015aw. o godz.10.00\/.<!--more--><br \/>\nZa tydzie\u0144, w II Niedziel\u0119 Wielkiego Postu, jak co roku razem z ca\u0142ym Ko\u015bcio\u0142em Polskim chcemy pami\u0119ta\u0107 o polskich misjonarzach pracuj\u0105cych w wielu krajach ca\u0142ego \u015bwiata. Razem z modlitw\u0105 zbierzemy ja\u0142mu\u017cn\u0119 na rzecz Dzie\u0142a Pomocy \u201eAd gentes\u201d.<br \/>\nProsz\u0119 podejmowa\u0107 do naszych dom\u00f3w paschaliki rozprowadzane w ramach Wielkanocnego Dzie\u0142a Pomocy Caritas 2019 \/du\u017ce po 14 z\u0142 i ma\u0142e po 6 z\u0142\/. Mo\u017cna ju\u017c do ko\u015bcio\u0142a przynosi\u0107 dary dla ubogich z naszej Parafii i zostawia\u0107 przy bocznym o\u0142tarzu. Przed Wielkanoc\u0105 dobra te przeka\u017c\u0105 potrzebuj\u0105cym osoby z parafialnej grupy Caritas. Zach\u0119cam te\u017c do podj\u0119cia praktyki ja\u0142mu\u017cny wielkopostnej na rzecz os\u00f3b starszych.<br \/>\nZapraszam narzeczonych na spotkanie przedma\u0142\u017ce\u0144skie w dniu 15 III 2019 r. \/pi\u0105tek\/ o godz. 18.00 na plebani\u0119. Wcze\u015bniej na godz. 17.00 prosz\u0119 przyj\u015b\u0107 do ko\u015bcio\u0142a na Drog\u0119 Krzy\u017cow\u0105 i Msz\u0119 \u015aw. \/w ramach Dnia Supienia dla narzeczonych\/.<br \/>\nW najbli\u017csz\u0105 sobot\u0119 16 marca o godzinie 16.00 w sali katechetycznej przy plebanii odb\u0119d\u0105 si\u0119 kolejne warsztaty. Wszystkich zainteresowanych serdecznie zapraszamy. Mo\u017cna te\u017c wtedy przynosi\u0107 jeszcze odzie\u017c dla os\u00f3b ze schroniska im. \u015aw. Brata Alberta.<br \/>\nPonadto od godziny 15.00 w sobot\u0119 16 marca w sali katechetycznej b\u0119dzie mo\u017cna skorzysta\u0107 z pomocy przy sporz\u0105dzeniu rozliczenia rocznego do urz\u0119du skarbowego lub sprawdzenia sporz\u0105dzonego e-pit przez urz\u0105d skarbowy. Osoby, kt\u00f3re chcia\u0142yby skorzysta\u0107 z pomocy proszone s\u0105 o zabranie ze sob\u0105: rozliczenia rocznego za 2017 r., PITy za 2018 r i dokumenty umo\u017cliwiaj\u0105ce r\u00f3\u017cne odliczenia od podatku lub dochodu. Dy\u017cury takie b\u0119dziemy prowadzi\u0107 w ka\u017cd\u0105 sobot\u0119 przed warsztatami.<br \/>\nW sobot\u0119 Kancelaria Parafialna b\u0119dzie czynna o godz. 8.30-9.30.<br \/>\nW nast\u0119pn\u0105 niedziel\u0119 na Sumie spotkamy si\u0119 z kandydatami do Bierzmowania.<br \/>\nZ serca dzi\u0119kuj\u0119 za posprz\u0105tanie ko\u015bcio\u0142a o ofiar\u0119 100 z\u0142 pierwszym Parafianom z M\u0119d\u0142owa. Za tydzie\u0144 prosz\u0119 o to nadal rodziny z M\u0119d\u0142owa.<br \/>\nDzi\u0119kuj\u0119 za przygotowanie kaplicy w Okrzeszycach.<br \/>\nDo \u015bwi\u0119tego zwi\u0105zku ma\u0142\u017ce\u0144skiego przygotowuj\u0105 si\u0119:<br \/>\n1\/2019: Karolina Monika Wi\u0119cek, zam. w Parafii w Turowie i Pawe\u0142 \u0141ukasz Kra\u015bniak, zam. w Parafii w Podgrodziu.(17 III)<br \/>\nW ubieg\u0142y pi\u0105tek liturgi\u0105 pogrzebow\u0105 po\u017cegnali\u015bmy \u015bp. Jerzego Lodowskiego i \u015bp. Stefana Skwarka. Wieczne odpoczywanie racz im da\u0107 Panie\u2026<\/p>\n","protected":false},"excerpt":{"rendered":"<p>I Niedziela Wielkiego Postu W Wielkim Po\u015bcie zapraszam do udzia\u0142u w nabo\u017ce\u0144stwach wielkopostnych: Drodze Krzy\u017cowej: w Turowie w pi\u0105tki o godz. 17-ej i Gorzkich \u017bali w Turowie w niedziele po sumie, w Okrzeszycach po Mszy \u015aw. o godz.10.00\/.<\/p>\n","protected":false},"author":1,"featured_media":0,"comment_status":"open","ping_status":"closed","sticky":false,"template":"","format":"standard","meta":{"_bbp_topic_count":0,"_bbp_reply_count":0,"_bbp_total_topic_count":0,"_bbp_total_reply_count":0,"_bbp_voice_count":0,"_bbp_anonymous_reply_count":0,"_bbp_topic_count_hidden":0,"_bbp_reply_count_hidden":0,"_bbp_forum_subforum_count":0,"ngg_post_thumbnail":0,"footnotes":""},"categories":[16],"tags":[],"class_list":["post-1728","post","type-post","status-publish","format-standard","hentry","category-ogloszenia-parafialne"],"_links":{"self":[{"href":"https:\/\/medlow.pl\/index.php\/wp-json\/wp\/v2\/posts\/1728","targetHints":{"allow":["GET"]}}],"collection":[{"href":"https:\/\/medlow.pl\/index.php\/wp-json\/wp\/v2\/posts"}],"about":[{"href":"https:\/\/medlow.pl\/index.php\/wp-json\/wp\/v2\/types\/post"}],"author":[{"embeddable":true,"href":"https:\/\/medlow.pl\/index.php\/wp-json\/wp\/v2\/users\/1"}],"replies":[{"embeddable":true,"href":"https:\/\/medlow.pl\/index.php\/wp-json\/wp\/v2\/comments?post=1728"}],"version-history":[{"count":0,"href":"https:\/\/medlow.pl\/index.php\/wp-json\/wp\/v2\/posts\/1728\/revisions"}],"wp:attachment":[{"href":"https:\/\/medlow.pl\/index.php\/wp-json\/wp\/v2\/media?parent=1728"}],"wp:term":[{"taxonomy":"category","embeddable":true,"href":"https:\/\/medlow.pl\/index.php\/wp-json\/wp\/v2\/categories?post=1728"},{"taxonomy":"post_tag","embeddable":true,"href":"https:\/\/medlow.pl\/index.php\/wp-json\/wp\/v2\/tags?post=1728"}],"curies":[{"name":"wp","href":"https:\/\/api.w.org\/{rel}","templated":true}]}}